{"id":124674,"date":"2023-12-19T10:29:05","date_gmt":"2023-12-19T13:29:05","guid":{"rendered":"https:\/\/eldiariodesanpedro.com.ar\/sitio\/?p=124674"},"modified":"2023-12-19T10:29:08","modified_gmt":"2023-12-19T13:29:08","slug":"entrega-de-netbooks-a-estudiantes-de-la-escuela-tecnica-n1","status":"publish","type":"post","link":"https:\/\/eldiariodesanpedro.com.ar\/sitio\/entrega-de-netbooks-a-estudiantes-de-la-escuela-tecnica-n1\/","title":{"rendered":"Entrega de netbooks a estudiantes de la Escuela T\u00e9cnica N\u00b01"},"content":{"rendered":"<!-- VideographyWP Plugin Message: Automatic video embedding prevented by plugin options. -->\n\n<p>Fue en el marco del Programa Conectar Igualdad que fue impulsado desde el ex Ministerio de Educaci\u00f3n de la Naci\u00f3n.<\/p>\n\n\n\n<p>D\u00edas atr\u00e1s se concret\u00f3 una nueva entrega de netbooks a estudiantes de escuelas secundarias del distrito, en esta ocasi\u00f3n en la Escuela T\u00e9cnica N\u00b01 \u201cJuan Bautista Azopardo\u201d en el marco del Programa Conectar Igualdad que fue impulsado desde el ex Ministerio de Educaci\u00f3n de la Naci\u00f3n.<\/p>\n\n\n\n<p>Durante la jornada fueron entregadas 298 netbooks en un acto encabezado por el Director de Educaci\u00f3n y Capacitaci\u00f3n de la Municipalidad de San Pedro, Prof. Alan Ocampo, en representaci\u00f3n del Intendente Cecilio Salazar que cont\u00f3 con la participaci\u00f3n de la Inspectora de Educaci\u00f3n Primaria, Silvana Garello; el Director de la Instituci\u00f3n, Alejandro Acosta, docentes, familiares y estudiantes.<\/p>\n","protected":false},"excerpt":{"rendered":"<p>Fue en el marco del Programa Conectar Igualdad que fue impulsado desde el ex Ministerio de Educaci\u00f3n de la Naci\u00f3n. D\u00edas atr\u00e1s se concret\u00f3 una nueva entrega de netbooks a estudiantes de escuelas secundarias del distrito, en esta ocasi\u00f3n en la Escuela T\u00e9cnica N\u00b01 \u201cJuan Bautista Azopardo\u201d en el marco del Programa Conectar Igualdad que [&hellip;]<\/p>\n","protected":false},"author":4,"featured_media":124675,"comment_status":"closed","ping_status":"closed","sticky":false,"template":"","format":"standard","meta":{"om_disable_all_campaigns":false,"_jetpack_memberships_contains_paid_content":false,"footnotes":""},"categories":[101,2],"tags":[197,696,33,19],"class_list":["post-124674","post","type-post","status-publish","format-standard","has-post-thumbnail","hentry","category-interes-general-locales","category-locales","tag-buenos-aires","tag-interes-general","tag-locales","tag-san-pedro"],"aioseo_notices":[],"gutentor_comment":0,"jetpack_featured_media_url":"https:\/\/eldiariodesanpedro.com.ar\/sitio\/wp-content\/uploads\/2023\/12\/0000022395-resized-1920x1080-1.jpg","jetpack_shortlink":"https:\/\/wp.me\/p6RhLt-wqS","jetpack_sharing_enabled":true,"_links":{"self":[{"href":"https:\/\/eldiariodesanpedro.com.ar\/sitio\/wp-json\/wp\/v2\/posts\/124674","targetHints":{"allow":["GET"]}}],"collection":[{"href":"https:\/\/eldiariodesanpedro.com.ar\/sitio\/wp-json\/wp\/v2\/posts"}],"about":[{"href":"https:\/\/eldiariodesanpedro.com.ar\/sitio\/wp-json\/wp\/v2\/types\/post"}],"author":[{"embeddable":true,"href":"https:\/\/eldiariodesanpedro.com.ar\/sitio\/wp-json\/wp\/v2\/users\/4"}],"replies":[{"embeddable":true,"href":"https:\/\/eldiariodesanpedro.com.ar\/sitio\/wp-json\/wp\/v2\/comments?post=124674"}],"version-history":[{"count":1,"href":"https:\/\/eldiariodesanpedro.com.ar\/sitio\/wp-json\/wp\/v2\/posts\/124674\/revisions"}],"predecessor-version":[{"id":124676,"href":"https:\/\/eldiariodesanpedro.com.ar\/sitio\/wp-json\/wp\/v2\/posts\/124674\/revisions\/124676"}],"wp:featuredmedia":[{"embeddable":true,"href":"https:\/\/eldiariodesanpedro.com.ar\/sitio\/wp-json\/wp\/v2\/media\/124675"}],"wp:attachment":[{"href":"https:\/\/eldiariodesanpedro.com.ar\/sitio\/wp-json\/wp\/v2\/media?parent=124674"}],"wp:term":[{"taxonomy":"category","embeddable":true,"href":"https:\/\/eldiariodesanpedro.com.ar\/sitio\/wp-json\/wp\/v2\/categories?post=124674"},{"taxonomy":"post_tag","embeddable":true,"href":"https:\/\/eldiariodesanpedro.com.ar\/sitio\/wp-json\/wp\/v2\/tags?post=124674"}],"curies":[{"name":"wp","href":"https:\/\/api.w.org\/{rel}","templated":true}]}}