{"id":124663,"date":"2023-12-18T19:50:40","date_gmt":"2023-12-18T22:50:40","guid":{"rendered":"https:\/\/eldiariodesanpedro.com.ar\/sitio\/?p=124663"},"modified":"2023-12-18T19:50:43","modified_gmt":"2023-12-18T22:50:43","slug":"edicto-de-sucesion-de-donatti-elsa-elena","status":"publish","type":"post","link":"https:\/\/eldiariodesanpedro.com.ar\/sitio\/edicto-de-sucesion-de-donatti-elsa-elena\/","title":{"rendered":"Edicto de Sucesi\u00f3n de Donatti Elsa Elena"},"content":{"rendered":"<!-- VideographyWP Plugin Message: Automatic video embedding prevented by plugin options. -->\n\n<p>El Juzgado de Primera Instancia en lo Civil y Comercial Nro. 1, del Departamento Judicial de San Nicol\u00e1s, cita y emplaza a herederos y acreedores de <strong>Donatti Elsa Elena<\/strong>, para que en el t\u00e9rmino de treinta d\u00edas lo acrediten.- San Nicol\u00e1s, 15 de diciembre de 2023.-<\/p>\n\n\n\n<p>CIVILOTTI DANIEL<br>AUXILIAR LETRADO<\/p>\n\n\n\n<p>(Publicaci\u00f3n v\u00e1lida por los d\u00edas 18, 19 y 20 de diciembre de 2023)\u00a0<br><a href=\"https:\/\/notificaciones.scba.gov.ar\/verificarnotificacion.aspx?codNotif=8FK24K\">https:\/\/notificaciones.scba.gov.ar\/verificarnotificacion.aspx?codNotif=8FK24K<\/a><\/p>\n","protected":false},"excerpt":{"rendered":"<p>El Juzgado de Primera Instancia en lo Civil y Comercial Nro. 1, del Departamento Judicial de San Nicol\u00e1s, cita y emplaza a herederos y acreedores de Donatti Elsa Elena, para que en el t\u00e9rmino de treinta d\u00edas lo acrediten.- San Nicol\u00e1s, 15 de diciembre de 2023.- CIVILOTTI DANIELAUXILIAR LETRADO (Publicaci\u00f3n v\u00e1lida por los d\u00edas 18, [&hellip;]<\/p>\n","protected":false},"author":4,"featured_media":102746,"comment_status":"closed","ping_status":"closed","sticky":false,"template":"","format":"standard","meta":{"om_disable_all_campaigns":false,"_jetpack_memberships_contains_paid_content":false,"footnotes":""},"categories":[676,677],"tags":[197,4655,696,19],"class_list":["post-124663","post","type-post","status-publish","format-standard","has-post-thumbnail","hentry","category-edictos","category-edictos-sucesorios","tag-buenos-aires","tag-edicto-de-sucesion-de-donatti-elsa-elena","tag-interes-general","tag-san-pedro"],"aioseo_notices":[],"gutentor_comment":0,"jetpack_featured_media_url":"https:\/\/eldiariodesanpedro.com.ar\/sitio\/wp-content\/uploads\/2022\/01\/EDICTO.jpg","jetpack_shortlink":"https:\/\/wp.me\/p6RhLt-wqH","jetpack_sharing_enabled":true,"_links":{"self":[{"href":"https:\/\/eldiariodesanpedro.com.ar\/sitio\/wp-json\/wp\/v2\/posts\/124663","targetHints":{"allow":["GET"]}}],"collection":[{"href":"https:\/\/eldiariodesanpedro.com.ar\/sitio\/wp-json\/wp\/v2\/posts"}],"about":[{"href":"https:\/\/eldiariodesanpedro.com.ar\/sitio\/wp-json\/wp\/v2\/types\/post"}],"author":[{"embeddable":true,"href":"https:\/\/eldiariodesanpedro.com.ar\/sitio\/wp-json\/wp\/v2\/users\/4"}],"replies":[{"embeddable":true,"href":"https:\/\/eldiariodesanpedro.com.ar\/sitio\/wp-json\/wp\/v2\/comments?post=124663"}],"version-history":[{"count":1,"href":"https:\/\/eldiariodesanpedro.com.ar\/sitio\/wp-json\/wp\/v2\/posts\/124663\/revisions"}],"predecessor-version":[{"id":124664,"href":"https:\/\/eldiariodesanpedro.com.ar\/sitio\/wp-json\/wp\/v2\/posts\/124663\/revisions\/124664"}],"wp:featuredmedia":[{"embeddable":true,"href":"https:\/\/eldiariodesanpedro.com.ar\/sitio\/wp-json\/wp\/v2\/media\/102746"}],"wp:attachment":[{"href":"https:\/\/eldiariodesanpedro.com.ar\/sitio\/wp-json\/wp\/v2\/media?parent=124663"}],"wp:term":[{"taxonomy":"category","embeddable":true,"href":"https:\/\/eldiariodesanpedro.com.ar\/sitio\/wp-json\/wp\/v2\/categories?post=124663"},{"taxonomy":"post_tag","embeddable":true,"href":"https:\/\/eldiariodesanpedro.com.ar\/sitio\/wp-json\/wp\/v2\/tags?post=124663"}],"curies":[{"name":"wp","href":"https:\/\/api.w.org\/{rel}","templated":true}]}}