{"id":124655,"date":"2023-12-18T18:54:57","date_gmt":"2023-12-18T21:54:57","guid":{"rendered":"https:\/\/eldiariodesanpedro.com.ar\/sitio\/?p=124655"},"modified":"2023-12-18T18:54:59","modified_gmt":"2023-12-18T21:54:59","slug":"renuncia-de-nelson-vlaeminck-cambios-en-la-presidencia-del-pj-san-pedro","status":"publish","type":"post","link":"https:\/\/eldiariodesanpedro.com.ar\/sitio\/renuncia-de-nelson-vlaeminck-cambios-en-la-presidencia-del-pj-san-pedro\/","title":{"rendered":"Renuncia de Nelson Vlaeminck: Cambios en la Presidencia del PJ San Pedro"},"content":{"rendered":"<!-- VideographyWP Plugin Message: Automatic video embedding prevented by plugin options. -->\n\n<p>Nelson Vlaeminck renunci\u00f3 a la presidencia del PJ San Pedro, alegando dificultades f\u00edsicas propias de la edad que le impiden participar plenamente en las actividades partidarias. Horacio Azzoni, referente local de Uocra San Pedro, asumir\u00e1 como el nuevo Presidente, mientras que Mat\u00edas Chaves ocupar\u00e1 el cargo de Vicepresidente. Estos cambios en la direcci\u00f3n del partido se llevaron a cabo tras la presentaci\u00f3n formal de la renuncia por parte de Vlaeminck a la mesa directiva.<\/p>\n\n\n\n<p>En su carta de renuncia, Vlaeminck mencion\u00f3 su \u00abdiscapacidad de adulto mayor\u00bb, se\u00f1alando que le resulta imposible continuar desempe\u00f1ando sus responsabilidades de manera normal. Destac\u00f3 el trabajo del consejo durante su gesti\u00f3n al llamar a la unidad de los distintos sectores del peronismo mediante asambleas y reuniones con el compa\u00f1ero Intendente Cecilio Salazar. Enfatiz\u00f3 que las puertas del partido estuvieron abiertas para todos los sectores.<\/p>\n\n\n\n<p>El nuevo presidente, Horacio Azzoni, recibi\u00f3 elogios de Vlaeminck en su carta de renuncia, reconociendo su capacidad para asumir el cargo y resaltando su compromiso como militante activo. Adem\u00e1s, expres\u00f3 su agradecimiento a los compa\u00f1eros de Uocra y a todos los miembros del consejo por el apoyo brindado durante su tiempo en el cargo.<\/p>\n\n\n\n<p>Con estos cambios, el PJ San Pedro busca mantenerse fuerte y continuar su labor en la ciudad. La transici\u00f3n de liderazgo busca asegurar la continuidad y el desarrollo del partido.<\/p>\n","protected":false},"excerpt":{"rendered":"<p>Nelson Vlaeminck renunci\u00f3 a la presidencia del PJ San Pedro, alegando dificultades f\u00edsicas propias de la edad que le impiden participar plenamente en las actividades partidarias. Horacio Azzoni, referente local de Uocra San Pedro, asumir\u00e1 como el nuevo Presidente, mientras que Mat\u00edas Chaves ocupar\u00e1 el cargo de Vicepresidente. Estos cambios en la direcci\u00f3n del partido [&hellip;]<\/p>\n","protected":false},"author":4,"featured_media":124656,"comment_status":"closed","ping_status":"closed","sticky":false,"template":"","format":"standard","meta":{"om_disable_all_campaigns":false,"_jetpack_memberships_contains_paid_content":false,"footnotes":""},"categories":[101,2],"tags":[197,696,33,19],"class_list":["post-124655","post","type-post","status-publish","format-standard","has-post-thumbnail","hentry","category-interes-general-locales","category-locales","tag-buenos-aires","tag-interes-general","tag-locales","tag-san-pedro"],"aioseo_notices":[],"gutentor_comment":0,"jetpack_featured_media_url":"https:\/\/eldiariodesanpedro.com.ar\/sitio\/wp-content\/uploads\/2023\/12\/azzoni-pj-vlaeminck.jpg","jetpack_shortlink":"https:\/\/wp.me\/p6RhLt-wqz","jetpack_sharing_enabled":true,"_links":{"self":[{"href":"https:\/\/eldiariodesanpedro.com.ar\/sitio\/wp-json\/wp\/v2\/posts\/124655","targetHints":{"allow":["GET"]}}],"collection":[{"href":"https:\/\/eldiariodesanpedro.com.ar\/sitio\/wp-json\/wp\/v2\/posts"}],"about":[{"href":"https:\/\/eldiariodesanpedro.com.ar\/sitio\/wp-json\/wp\/v2\/types\/post"}],"author":[{"embeddable":true,"href":"https:\/\/eldiariodesanpedro.com.ar\/sitio\/wp-json\/wp\/v2\/users\/4"}],"replies":[{"embeddable":true,"href":"https:\/\/eldiariodesanpedro.com.ar\/sitio\/wp-json\/wp\/v2\/comments?post=124655"}],"version-history":[{"count":1,"href":"https:\/\/eldiariodesanpedro.com.ar\/sitio\/wp-json\/wp\/v2\/posts\/124655\/revisions"}],"predecessor-version":[{"id":124657,"href":"https:\/\/eldiariodesanpedro.com.ar\/sitio\/wp-json\/wp\/v2\/posts\/124655\/revisions\/124657"}],"wp:featuredmedia":[{"embeddable":true,"href":"https:\/\/eldiariodesanpedro.com.ar\/sitio\/wp-json\/wp\/v2\/media\/124656"}],"wp:attachment":[{"href":"https:\/\/eldiariodesanpedro.com.ar\/sitio\/wp-json\/wp\/v2\/media?parent=124655"}],"wp:term":[{"taxonomy":"category","embeddable":true,"href":"https:\/\/eldiariodesanpedro.com.ar\/sitio\/wp-json\/wp\/v2\/categories?post=124655"},{"taxonomy":"post_tag","embeddable":true,"href":"https:\/\/eldiariodesanpedro.com.ar\/sitio\/wp-json\/wp\/v2\/tags?post=124655"}],"curies":[{"name":"wp","href":"https:\/\/api.w.org\/{rel}","templated":true}]}}