{"id":124652,"date":"2023-12-18T18:42:00","date_gmt":"2023-12-18T21:42:00","guid":{"rendered":"https:\/\/eldiariodesanpedro.com.ar\/sitio\/?p=124652"},"modified":"2023-12-18T18:42:02","modified_gmt":"2023-12-18T21:42:02","slug":"santa-lucia-detienen-a-un-hombre-que-conducia-alcoholizado","status":"publish","type":"post","link":"https:\/\/eldiariodesanpedro.com.ar\/sitio\/santa-lucia-detienen-a-un-hombre-que-conducia-alcoholizado\/","title":{"rendered":"Santa Luc\u00eda: detienen a un hombre que conduc\u00eda alcoholizado"},"content":{"rendered":"<!-- VideographyWP Plugin Message: Automatic video embedding prevented by plugin options. -->\n\n<p>Un hombre de 42 a\u00f1os fue detenido en la madrugada del domingo por conducir en estado de ebriedad y sin licencia en la localidad de Santa Luc\u00eda. Seg\u00fan inform\u00f3 el Destacamento Santa Luc\u00eda, el sujeto fue interceptado en la avenida O Farell al 400, donde se le realiz\u00f3 un control de alcoholemia que arroj\u00f3 un resultado positivo.<\/p>\n\n\n\n<p>Adem\u00e1s, se constat\u00f3 que el hombre no pose\u00eda ning\u00fan tipo de documentaci\u00f3n que lo habilitara para circular. Por estos motivos, se lo traslad\u00f3 a la dependencia policial y se le iniciaron actuaciones por infracci\u00f3n a la ley 24.449 de tr\u00e1nsito y a la ley 8031 de contravenciones, art\u00edculos 72 y 74. Interviene el Juzgado de Paz y Falta local.<\/p>\n","protected":false},"excerpt":{"rendered":"<p>Un hombre de 42 a\u00f1os fue detenido en la madrugada del domingo por conducir en estado de ebriedad y sin licencia en la localidad de Santa Luc\u00eda. Seg\u00fan inform\u00f3 el Destacamento Santa Luc\u00eda, el sujeto fue interceptado en la avenida O Farell al 400, donde se le realiz\u00f3 un control de alcoholemia que arroj\u00f3 un [&hellip;]<\/p>\n","protected":false},"author":4,"featured_media":124653,"comment_status":"closed","ping_status":"closed","sticky":false,"template":"","format":"standard","meta":{"om_disable_all_campaigns":false,"_jetpack_memberships_contains_paid_content":false,"footnotes":""},"categories":[2,103],"tags":[197,33,95,19],"class_list":["post-124652","post","type-post","status-publish","format-standard","has-post-thumbnail","hentry","category-locales","category-policiales-locales","tag-buenos-aires","tag-locales","tag-policiales","tag-san-pedro"],"aioseo_notices":[],"gutentor_comment":0,"jetpack_featured_media_url":"https:\/\/eldiariodesanpedro.com.ar\/sitio\/wp-content\/uploads\/2023\/12\/detenidooo.jpg","jetpack_shortlink":"https:\/\/wp.me\/p6RhLt-wqw","jetpack_sharing_enabled":true,"_links":{"self":[{"href":"https:\/\/eldiariodesanpedro.com.ar\/sitio\/wp-json\/wp\/v2\/posts\/124652","targetHints":{"allow":["GET"]}}],"collection":[{"href":"https:\/\/eldiariodesanpedro.com.ar\/sitio\/wp-json\/wp\/v2\/posts"}],"about":[{"href":"https:\/\/eldiariodesanpedro.com.ar\/sitio\/wp-json\/wp\/v2\/types\/post"}],"author":[{"embeddable":true,"href":"https:\/\/eldiariodesanpedro.com.ar\/sitio\/wp-json\/wp\/v2\/users\/4"}],"replies":[{"embeddable":true,"href":"https:\/\/eldiariodesanpedro.com.ar\/sitio\/wp-json\/wp\/v2\/comments?post=124652"}],"version-history":[{"count":1,"href":"https:\/\/eldiariodesanpedro.com.ar\/sitio\/wp-json\/wp\/v2\/posts\/124652\/revisions"}],"predecessor-version":[{"id":124654,"href":"https:\/\/eldiariodesanpedro.com.ar\/sitio\/wp-json\/wp\/v2\/posts\/124652\/revisions\/124654"}],"wp:featuredmedia":[{"embeddable":true,"href":"https:\/\/eldiariodesanpedro.com.ar\/sitio\/wp-json\/wp\/v2\/media\/124653"}],"wp:attachment":[{"href":"https:\/\/eldiariodesanpedro.com.ar\/sitio\/wp-json\/wp\/v2\/media?parent=124652"}],"wp:term":[{"taxonomy":"category","embeddable":true,"href":"https:\/\/eldiariodesanpedro.com.ar\/sitio\/wp-json\/wp\/v2\/categories?post=124652"},{"taxonomy":"post_tag","embeddable":true,"href":"https:\/\/eldiariodesanpedro.com.ar\/sitio\/wp-json\/wp\/v2\/tags?post=124652"}],"curies":[{"name":"wp","href":"https:\/\/api.w.org\/{rel}","templated":true}]}}