{"id":124650,"date":"2023-12-18T18:30:29","date_gmt":"2023-12-18T21:30:29","guid":{"rendered":"https:\/\/eldiariodesanpedro.com.ar\/sitio\/?p=124650"},"modified":"2023-12-18T18:30:32","modified_gmt":"2023-12-18T21:30:32","slug":"exclusion-de-retenciones-gobierno-anuncia-beneficios-para-economias-regionales-y-sectores-agroindustriales","status":"publish","type":"post","link":"https:\/\/eldiariodesanpedro.com.ar\/sitio\/exclusion-de-retenciones-gobierno-anuncia-beneficios-para-economias-regionales-y-sectores-agroindustriales\/","title":{"rendered":"Exclusi\u00f3n de Retenciones: Gobierno Anuncia Beneficios para Econom\u00edas Regionales y Sectores Agroindustriales"},"content":{"rendered":"<!-- VideographyWP Plugin Message: Automatic video embedding prevented by plugin options. -->\n\n<p>Este lunes, el Gobierno anunci\u00f3 la exclusi\u00f3n de casi 20 econom\u00edas regionales, incluyendo frutas, de la reciente subida de retenciones. La medida se implementa tras la controversia generada por el aumento generalizado de derechos de exportaci\u00f3n, que tambi\u00e9n incluy\u00f3 una devaluaci\u00f3n reconocida por un mejor tipo de cambio, como parte de las acciones lideradas por Luis Caputo.<\/p>\n\n\n\n<p>Fernando Vilella, secretario de Bioeconom\u00eda, inform\u00f3 hoy que las retenciones no aumentar\u00e1n para los complejos oliv\u00edcola, arrocero, de cueros bovinos, l\u00e1cteo, frut\u00edcola (excepto lim\u00f3n), hort\u00edcola, del poroto, papa, ajo, arvejas, garbanzos, lenteja, miel, az\u00facar, yerba mate, t\u00e9, equinos y lana. Adem\u00e1s, se reducir\u00e1n al 8% los derechos de exportaci\u00f3n en la cadena vitivin\u00edcola, y los subproductos de soja experimentar\u00e1n un aumento de dos puntos porcentuales, alcanzando el 33%.<\/p>\n\n\n\n<p>La decisi\u00f3n fue compartida por Fernando Vilella, secretario de Bioeconom\u00eda, y Nicol\u00e1s Posse, jefe de Gabinete, durante una reuni\u00f3n con representantes del sector agropecuario, que incluy\u00f3 a la Mesa de Enlace y a representantes de la cadena agroindustrial.<\/p>\n","protected":false},"excerpt":{"rendered":"<p>Este lunes, el Gobierno anunci\u00f3 la exclusi\u00f3n de casi 20 econom\u00edas regionales, incluyendo frutas, de la reciente subida de retenciones. La medida se implementa tras la controversia generada por el aumento generalizado de derechos de exportaci\u00f3n, que tambi\u00e9n incluy\u00f3 una devaluaci\u00f3n reconocida por un mejor tipo de cambio, como parte de las acciones lideradas por [&hellip;]<\/p>\n","protected":false},"author":4,"featured_media":1386,"comment_status":"closed","ping_status":"closed","sticky":false,"template":"","format":"standard","meta":{"om_disable_all_campaigns":false,"_jetpack_memberships_contains_paid_content":false,"footnotes":""},"categories":[101,2],"tags":[197,696,33,19],"class_list":["post-124650","post","type-post","status-publish","format-standard","has-post-thumbnail","hentry","category-interes-general-locales","category-locales","tag-buenos-aires","tag-interes-general","tag-locales","tag-san-pedro"],"aioseo_notices":[],"gutentor_comment":0,"jetpack_featured_media_url":"https:\/\/eldiariodesanpedro.com.ar\/sitio\/wp-content\/uploads\/2015\/12\/durazno.jpg","jetpack_shortlink":"https:\/\/wp.me\/p6RhLt-wqu","jetpack_sharing_enabled":true,"_links":{"self":[{"href":"https:\/\/eldiariodesanpedro.com.ar\/sitio\/wp-json\/wp\/v2\/posts\/124650","targetHints":{"allow":["GET"]}}],"collection":[{"href":"https:\/\/eldiariodesanpedro.com.ar\/sitio\/wp-json\/wp\/v2\/posts"}],"about":[{"href":"https:\/\/eldiariodesanpedro.com.ar\/sitio\/wp-json\/wp\/v2\/types\/post"}],"author":[{"embeddable":true,"href":"https:\/\/eldiariodesanpedro.com.ar\/sitio\/wp-json\/wp\/v2\/users\/4"}],"replies":[{"embeddable":true,"href":"https:\/\/eldiariodesanpedro.com.ar\/sitio\/wp-json\/wp\/v2\/comments?post=124650"}],"version-history":[{"count":1,"href":"https:\/\/eldiariodesanpedro.com.ar\/sitio\/wp-json\/wp\/v2\/posts\/124650\/revisions"}],"predecessor-version":[{"id":124651,"href":"https:\/\/eldiariodesanpedro.com.ar\/sitio\/wp-json\/wp\/v2\/posts\/124650\/revisions\/124651"}],"wp:featuredmedia":[{"embeddable":true,"href":"https:\/\/eldiariodesanpedro.com.ar\/sitio\/wp-json\/wp\/v2\/media\/1386"}],"wp:attachment":[{"href":"https:\/\/eldiariodesanpedro.com.ar\/sitio\/wp-json\/wp\/v2\/media?parent=124650"}],"wp:term":[{"taxonomy":"category","embeddable":true,"href":"https:\/\/eldiariodesanpedro.com.ar\/sitio\/wp-json\/wp\/v2\/categories?post=124650"},{"taxonomy":"post_tag","embeddable":true,"href":"https:\/\/eldiariodesanpedro.com.ar\/sitio\/wp-json\/wp\/v2\/tags?post=124650"}],"curies":[{"name":"wp","href":"https:\/\/api.w.org\/{rel}","templated":true}]}}