{"id":124648,"date":"2023-12-18T18:16:05","date_gmt":"2023-12-18T21:16:05","guid":{"rendered":"https:\/\/eldiariodesanpedro.com.ar\/sitio\/?p=124648"},"modified":"2023-12-18T18:16:08","modified_gmt":"2023-12-18T21:16:08","slug":"coopser-continua-trabajando-para-restablecer-servicios-tras-la-tormenta-detalles-y-contacto-para-usuarios","status":"publish","type":"post","link":"https:\/\/eldiariodesanpedro.com.ar\/sitio\/coopser-continua-trabajando-para-restablecer-servicios-tras-la-tormenta-detalles-y-contacto-para-usuarios\/","title":{"rendered":"Coopser continua trabajando para restablecer servicios tras la tormenta: Detalles y contacto para usuarios"},"content":{"rendered":"<!-- VideographyWP Plugin Message: Automatic video embedding prevented by plugin options. -->\n\n<p>Las cuadrillas de la Cooperativa de Servicios trabajan para atender reclamos surgidos tras la tormenta de viento y lluvia que afect\u00f3 la regi\u00f3n el domingo. Aunque se restituy\u00f3 el servicio en la mayor\u00eda de los sectores con interrupciones el\u00e9ctricas, persisten reclamos domiciliarios.<\/p>\n\n\n\n<p>El presidente de la COOPSER, Iv\u00e1n Groppo, confirm\u00f3 que entre Santa Luc\u00eda y Gobernador Castro hubo 45-50 postes ca\u00eddos. \u00abAyer, la mayor\u00eda de los usuarios ten\u00edan servicio, salvo en \u00e1reas de dif\u00edcil acceso por el mal estado de los caminos debido a la lluvia\u00bb, dijo Groppo al programa \u00abEquipo de Radio\u00bb. A\u00f1adi\u00f3 que los grandes reclamos se resolvieron, pero quedan 40-45 reclamos particulares en la zona rural y m\u00e1s en el \u00e1rea urbana.<\/p>\n\n\n\n<p>Groppo se\u00f1al\u00f3 que muchos cortes fueron por ca\u00edda de ramas del arbolado urbano, causando interrupciones en conexiones domiciliarias o saltos de fusibles en la zona urbana. Ante persistencia de inconvenientes, se insta a comunicarse al 431000 (atenci\u00f3n por operador o mensaje grabado) o mediante WhatsApp al +54 3329 642020.<\/p>\n","protected":false},"excerpt":{"rendered":"<p>Las cuadrillas de la Cooperativa de Servicios trabajan para atender reclamos surgidos tras la tormenta de viento y lluvia que afect\u00f3 la regi\u00f3n el domingo. Aunque se restituy\u00f3 el servicio en la mayor\u00eda de los sectores con interrupciones el\u00e9ctricas, persisten reclamos domiciliarios. El presidente de la COOPSER, Iv\u00e1n Groppo, confirm\u00f3 que entre Santa Luc\u00eda y [&hellip;]<\/p>\n","protected":false},"author":4,"featured_media":86002,"comment_status":"closed","ping_status":"closed","sticky":false,"template":"","format":"standard","meta":{"om_disable_all_campaigns":false,"_jetpack_memberships_contains_paid_content":false,"footnotes":""},"categories":[101,2],"tags":[197,696,33,19],"class_list":["post-124648","post","type-post","status-publish","format-standard","has-post-thumbnail","hentry","category-interes-general-locales","category-locales","tag-buenos-aires","tag-interes-general","tag-locales","tag-san-pedro"],"aioseo_notices":[],"gutentor_comment":0,"jetpack_featured_media_url":"https:\/\/eldiariodesanpedro.com.ar\/sitio\/wp-content\/uploads\/2021\/01\/coopser_6.jpg","jetpack_shortlink":"https:\/\/wp.me\/p6RhLt-wqs","jetpack_sharing_enabled":true,"_links":{"self":[{"href":"https:\/\/eldiariodesanpedro.com.ar\/sitio\/wp-json\/wp\/v2\/posts\/124648","targetHints":{"allow":["GET"]}}],"collection":[{"href":"https:\/\/eldiariodesanpedro.com.ar\/sitio\/wp-json\/wp\/v2\/posts"}],"about":[{"href":"https:\/\/eldiariodesanpedro.com.ar\/sitio\/wp-json\/wp\/v2\/types\/post"}],"author":[{"embeddable":true,"href":"https:\/\/eldiariodesanpedro.com.ar\/sitio\/wp-json\/wp\/v2\/users\/4"}],"replies":[{"embeddable":true,"href":"https:\/\/eldiariodesanpedro.com.ar\/sitio\/wp-json\/wp\/v2\/comments?post=124648"}],"version-history":[{"count":1,"href":"https:\/\/eldiariodesanpedro.com.ar\/sitio\/wp-json\/wp\/v2\/posts\/124648\/revisions"}],"predecessor-version":[{"id":124649,"href":"https:\/\/eldiariodesanpedro.com.ar\/sitio\/wp-json\/wp\/v2\/posts\/124648\/revisions\/124649"}],"wp:featuredmedia":[{"embeddable":true,"href":"https:\/\/eldiariodesanpedro.com.ar\/sitio\/wp-json\/wp\/v2\/media\/86002"}],"wp:attachment":[{"href":"https:\/\/eldiariodesanpedro.com.ar\/sitio\/wp-json\/wp\/v2\/media?parent=124648"}],"wp:term":[{"taxonomy":"category","embeddable":true,"href":"https:\/\/eldiariodesanpedro.com.ar\/sitio\/wp-json\/wp\/v2\/categories?post=124648"},{"taxonomy":"post_tag","embeddable":true,"href":"https:\/\/eldiariodesanpedro.com.ar\/sitio\/wp-json\/wp\/v2\/tags?post=124648"}],"curies":[{"name":"wp","href":"https:\/\/api.w.org\/{rel}","templated":true}]}}