{"id":124645,"date":"2023-12-18T11:46:46","date_gmt":"2023-12-18T14:46:46","guid":{"rendered":"https:\/\/eldiariodesanpedro.com.ar\/sitio\/?p=124645"},"modified":"2023-12-18T11:46:49","modified_gmt":"2023-12-18T14:46:49","slug":"un-joven-motociclista-sufrio-una-fractura-al-ser-impactado-por-una-camioneta","status":"publish","type":"post","link":"https:\/\/eldiariodesanpedro.com.ar\/sitio\/un-joven-motociclista-sufrio-una-fractura-al-ser-impactado-por-una-camioneta\/","title":{"rendered":"Un joven motociclista sufri\u00f3 una fractura al ser impactado por una camioneta"},"content":{"rendered":"<!-- VideographyWP Plugin Message: Automatic video embedding prevented by plugin options. -->\n\n<p>Este domingo, en la intersecci\u00f3n de la Avenida Sarmiento y Las Heras. En circunstancias que a\u00fan se est\u00e1n investigando, se produjo un choque entre una camioneta de la marca AMAROK, conducida por un hombre de 32 a\u00f1os, y una motocicleta de la marca YAMAHA YBR 125, guiada por un hombre de 21 a\u00f1os.<\/p>\n\n\n\n<p>Como consecuencia del impacto, el conductor de la motocicleta sufri\u00f3 una fractura en la r\u00f3tula derecha. La Unidad Fiscal de Instrucci\u00f3n (UFI) 7 ha tomado intervenci\u00f3n en el caso, y la Polic\u00eda Cient\u00edfica ha sido desplegada para realizar las pericias correspondientes. Se llev\u00f3 a cabo la extracci\u00f3n de muestras de sangre de ambos conductores, y ambos veh\u00edculos han sido secuestrados para facilitar la investigaci\u00f3n.<\/p>\n","protected":false},"excerpt":{"rendered":"<p>Este domingo, en la intersecci\u00f3n de la Avenida Sarmiento y Las Heras. En circunstancias que a\u00fan se est\u00e1n investigando, se produjo un choque entre una camioneta de la marca AMAROK, conducida por un hombre de 32 a\u00f1os, y una motocicleta de la marca YAMAHA YBR 125, guiada por un hombre de 21 a\u00f1os. Como consecuencia [&hellip;]<\/p>\n","protected":false},"author":4,"featured_media":124646,"comment_status":"closed","ping_status":"closed","sticky":false,"template":"","format":"standard","meta":{"om_disable_all_campaigns":false,"_jetpack_memberships_contains_paid_content":false,"footnotes":""},"categories":[50,2,103],"tags":[197,696,33,19],"class_list":["post-124645","post","type-post","status-publish","format-standard","has-post-thumbnail","hentry","category-destacadas","category-locales","category-policiales-locales","tag-buenos-aires","tag-interes-general","tag-locales","tag-san-pedro"],"aioseo_notices":[],"gutentor_comment":0,"jetpack_featured_media_url":"https:\/\/eldiariodesanpedro.com.ar\/sitio\/wp-content\/uploads\/2023\/12\/1-1.jpg","jetpack_shortlink":"https:\/\/wp.me\/p6RhLt-wqp","jetpack_sharing_enabled":true,"_links":{"self":[{"href":"https:\/\/eldiariodesanpedro.com.ar\/sitio\/wp-json\/wp\/v2\/posts\/124645","targetHints":{"allow":["GET"]}}],"collection":[{"href":"https:\/\/eldiariodesanpedro.com.ar\/sitio\/wp-json\/wp\/v2\/posts"}],"about":[{"href":"https:\/\/eldiariodesanpedro.com.ar\/sitio\/wp-json\/wp\/v2\/types\/post"}],"author":[{"embeddable":true,"href":"https:\/\/eldiariodesanpedro.com.ar\/sitio\/wp-json\/wp\/v2\/users\/4"}],"replies":[{"embeddable":true,"href":"https:\/\/eldiariodesanpedro.com.ar\/sitio\/wp-json\/wp\/v2\/comments?post=124645"}],"version-history":[{"count":1,"href":"https:\/\/eldiariodesanpedro.com.ar\/sitio\/wp-json\/wp\/v2\/posts\/124645\/revisions"}],"predecessor-version":[{"id":124647,"href":"https:\/\/eldiariodesanpedro.com.ar\/sitio\/wp-json\/wp\/v2\/posts\/124645\/revisions\/124647"}],"wp:featuredmedia":[{"embeddable":true,"href":"https:\/\/eldiariodesanpedro.com.ar\/sitio\/wp-json\/wp\/v2\/media\/124646"}],"wp:attachment":[{"href":"https:\/\/eldiariodesanpedro.com.ar\/sitio\/wp-json\/wp\/v2\/media?parent=124645"}],"wp:term":[{"taxonomy":"category","embeddable":true,"href":"https:\/\/eldiariodesanpedro.com.ar\/sitio\/wp-json\/wp\/v2\/categories?post=124645"},{"taxonomy":"post_tag","embeddable":true,"href":"https:\/\/eldiariodesanpedro.com.ar\/sitio\/wp-json\/wp\/v2\/tags?post=124645"}],"curies":[{"name":"wp","href":"https:\/\/api.w.org\/{rel}","templated":true}]}}