{"id":124642,"date":"2023-12-18T11:28:53","date_gmt":"2023-12-18T14:28:53","guid":{"rendered":"https:\/\/eldiariodesanpedro.com.ar\/sitio\/?p=124642"},"modified":"2023-12-18T11:28:55","modified_gmt":"2023-12-18T14:28:55","slug":"la-prefecto-yanina-barrufaldi-reemplaza-a-yamil-casas-en-la-jefatura-local","status":"publish","type":"post","link":"https:\/\/eldiariodesanpedro.com.ar\/sitio\/la-prefecto-yanina-barrufaldi-reemplaza-a-yamil-casas-en-la-jefatura-local\/","title":{"rendered":"La prefecto Yanina Barrufaldi reemplaza a Yamil Casas en la jefatura local"},"content":{"rendered":"<!-- VideographyWP Plugin Message: Automatic video embedding prevented by plugin options. -->\n\n<p>Cumplido los pasos habituales la funcionaria asumir\u00e1 en San Pedro los primeros d\u00edas de enero.<\/p>\n\n\n\n<p>C\u00f3mo es habitual en la fuerza y cumplidos los pasos habituales en los pr\u00f3ximos d\u00edas se producir\u00e1 el cambio de autoridades en la Prefectura San Pedro.<\/p>\n\n\n\n<p>La prefecto Yanina Barrufaldi ser\u00e1 quien asuma el cargo principal en lugar del prefecto Yamila Casas, qui\u00e9n el viernes cumpli\u00f3 con su \u00faltimo d\u00eda de trabajo antes de iniciar su periodo de vacaciones.<\/p>\n\n\n\n<p>Barrufaldi es la primera mujer en hacerse cargo de la jefatura en nuestra ciudad y viene de desempe\u00f1arse en la zona Rio de La Plata. En tanto, Casas, va a continuar cumpliendo tareas en el edificio Guardacostas en Caba.<\/p>\n\n\n\n<p>El cambio de mando se realizar\u00e1 el 17 de enero de 2024.<\/p>\n","protected":false},"excerpt":{"rendered":"<p>Cumplido los pasos habituales la funcionaria asumir\u00e1 en San Pedro los primeros d\u00edas de enero. C\u00f3mo es habitual en la fuerza y cumplidos los pasos habituales en los pr\u00f3ximos d\u00edas se producir\u00e1 el cambio de autoridades en la Prefectura San Pedro. La prefecto Yanina Barrufaldi ser\u00e1 quien asuma el cargo principal en lugar del prefecto [&hellip;]<\/p>\n","protected":false},"author":4,"featured_media":124643,"comment_status":"closed","ping_status":"closed","sticky":false,"template":"","format":"standard","meta":{"om_disable_all_campaigns":false,"_jetpack_memberships_contains_paid_content":false,"footnotes":""},"categories":[50,101,2],"tags":[197,696,33,19],"class_list":["post-124642","post","type-post","status-publish","format-standard","has-post-thumbnail","hentry","category-destacadas","category-interes-general-locales","category-locales","tag-buenos-aires","tag-interes-general","tag-locales","tag-san-pedro"],"aioseo_notices":[],"gutentor_comment":0,"jetpack_featured_media_url":"https:\/\/eldiariodesanpedro.com.ar\/sitio\/wp-content\/uploads\/2023\/12\/0000022389-resized-1920x1080-1.jpg","jetpack_shortlink":"https:\/\/wp.me\/p6RhLt-wqm","jetpack_sharing_enabled":true,"_links":{"self":[{"href":"https:\/\/eldiariodesanpedro.com.ar\/sitio\/wp-json\/wp\/v2\/posts\/124642","targetHints":{"allow":["GET"]}}],"collection":[{"href":"https:\/\/eldiariodesanpedro.com.ar\/sitio\/wp-json\/wp\/v2\/posts"}],"about":[{"href":"https:\/\/eldiariodesanpedro.com.ar\/sitio\/wp-json\/wp\/v2\/types\/post"}],"author":[{"embeddable":true,"href":"https:\/\/eldiariodesanpedro.com.ar\/sitio\/wp-json\/wp\/v2\/users\/4"}],"replies":[{"embeddable":true,"href":"https:\/\/eldiariodesanpedro.com.ar\/sitio\/wp-json\/wp\/v2\/comments?post=124642"}],"version-history":[{"count":1,"href":"https:\/\/eldiariodesanpedro.com.ar\/sitio\/wp-json\/wp\/v2\/posts\/124642\/revisions"}],"predecessor-version":[{"id":124644,"href":"https:\/\/eldiariodesanpedro.com.ar\/sitio\/wp-json\/wp\/v2\/posts\/124642\/revisions\/124644"}],"wp:featuredmedia":[{"embeddable":true,"href":"https:\/\/eldiariodesanpedro.com.ar\/sitio\/wp-json\/wp\/v2\/media\/124643"}],"wp:attachment":[{"href":"https:\/\/eldiariodesanpedro.com.ar\/sitio\/wp-json\/wp\/v2\/media?parent=124642"}],"wp:term":[{"taxonomy":"category","embeddable":true,"href":"https:\/\/eldiariodesanpedro.com.ar\/sitio\/wp-json\/wp\/v2\/categories?post=124642"},{"taxonomy":"post_tag","embeddable":true,"href":"https:\/\/eldiariodesanpedro.com.ar\/sitio\/wp-json\/wp\/v2\/tags?post=124642"}],"curies":[{"name":"wp","href":"https:\/\/api.w.org\/{rel}","templated":true}]}}