{"id":124638,"date":"2023-12-18T09:56:09","date_gmt":"2023-12-18T12:56:09","guid":{"rendered":"https:\/\/eldiariodesanpedro.com.ar\/sitio\/?p=124638"},"modified":"2023-12-18T09:56:13","modified_gmt":"2023-12-18T12:56:13","slug":"policia-se-autolesiono-durante-una-intervencion-en-las-104","status":"publish","type":"post","link":"https:\/\/eldiariodesanpedro.com.ar\/sitio\/policia-se-autolesiono-durante-una-intervencion-en-las-104\/","title":{"rendered":"Polic\u00eda se autolesion\u00f3 durante una intervenci\u00f3n en las \u00ab104\u00bb"},"content":{"rendered":"<!-- VideographyWP Plugin Message: Automatic video embedding prevented by plugin options. -->\n\n<p>Sucedi\u00f3 en la ma\u00f1ana del s\u00e1bado cuando el funcionario de 31 a\u00f1os intentaba disuadir a una persona que provocaba desmanes. Sufri\u00f3 fractura expuesta en la pierna izquierda.<\/p>\n\n\n\n<p>Un hecho de caracter\u00edsticas graves aconteci\u00f3 en la ma\u00f1ana del s\u00e1bado y tuvo como escenario uno de los pasillos del barrio 104 Viviendas.<\/p>\n\n\n\n<p>Sucedi\u00f3 alrededor de las 06:30 horas en el sector que da a la Av. 11 de Septiembre, luego que se interviniera ante el alerta indicada desde el Centro de Monitoreo.<\/p>\n\n\n\n<p>Al arribar la polic\u00eda y al querer intervenir el funcionario Adri\u00e1n Jatil termin\u00f3 sufriendo una grave herida al autolesionarse con el mismo arma reglamentaria que portaba.<\/p>\n\n\n\n<p>Todo fue muy confuso ya que parec\u00eda indicar que le hab\u00edan disparado desde el interior del barrio pero no fue as\u00ed. La escopeta cargada con postas de goma se activ\u00f3 y el disparo a cortar distancia provoc\u00f3 la fractura expuesta de tibia y peron\u00e9.<\/p>\n\n\n\n<p>En el lugar se hab\u00eda advertido la presencia de un joven provocando disturbios en la v\u00eda p\u00fablica, insultando a automovilistas, cortando el tr\u00e1nsito con el volquete que all\u00ed se encuentra y hasta acost\u00e1ndose en el medio del pavimento en un evidente estado de alteraci\u00f3n.<\/p>\n\n\n\n<p>Jatil fue r\u00e1pidamente asistido por el personal del servicio Same y trasladado a la guardia del hospital Emilio Ruffa, en donde se le detect\u00f3 la grave lesi\u00f3n y se decidi\u00f3 intervenirlo para recomponer la zona afectada.<\/p>\n\n\n\n<p>Mientras tanto en el barrio donde se desarroll\u00f3 el incidente se aprehendi\u00f3 a la persona que momentos antes hab\u00eda provocado desmanes en la via publica.<\/p>\n","protected":false},"excerpt":{"rendered":"<p>Sucedi\u00f3 en la ma\u00f1ana del s\u00e1bado cuando el funcionario de 31 a\u00f1os intentaba disuadir a una persona que provocaba desmanes. Sufri\u00f3 fractura expuesta en la pierna izquierda. Un hecho de caracter\u00edsticas graves aconteci\u00f3 en la ma\u00f1ana del s\u00e1bado y tuvo como escenario uno de los pasillos del barrio 104 Viviendas. Sucedi\u00f3 alrededor de las 06:30 [&hellip;]<\/p>\n","protected":false},"author":4,"featured_media":81053,"comment_status":"closed","ping_status":"closed","sticky":false,"template":"","format":"standard","meta":{"om_disable_all_campaigns":false,"_jetpack_memberships_contains_paid_content":false,"footnotes":""},"categories":[50,2,103],"tags":[197,33,95,19],"class_list":["post-124638","post","type-post","status-publish","format-standard","has-post-thumbnail","hentry","category-destacadas","category-locales","category-policiales-locales","tag-buenos-aires","tag-locales","tag-policiales","tag-san-pedro"],"aioseo_notices":[],"gutentor_comment":0,"jetpack_featured_media_url":"https:\/\/eldiariodesanpedro.com.ar\/sitio\/wp-content\/uploads\/2020\/09\/guardia-940x528-1.jpg","jetpack_shortlink":"https:\/\/wp.me\/p6RhLt-wqi","jetpack_sharing_enabled":true,"_links":{"self":[{"href":"https:\/\/eldiariodesanpedro.com.ar\/sitio\/wp-json\/wp\/v2\/posts\/124638","targetHints":{"allow":["GET"]}}],"collection":[{"href":"https:\/\/eldiariodesanpedro.com.ar\/sitio\/wp-json\/wp\/v2\/posts"}],"about":[{"href":"https:\/\/eldiariodesanpedro.com.ar\/sitio\/wp-json\/wp\/v2\/types\/post"}],"author":[{"embeddable":true,"href":"https:\/\/eldiariodesanpedro.com.ar\/sitio\/wp-json\/wp\/v2\/users\/4"}],"replies":[{"embeddable":true,"href":"https:\/\/eldiariodesanpedro.com.ar\/sitio\/wp-json\/wp\/v2\/comments?post=124638"}],"version-history":[{"count":1,"href":"https:\/\/eldiariodesanpedro.com.ar\/sitio\/wp-json\/wp\/v2\/posts\/124638\/revisions"}],"predecessor-version":[{"id":124639,"href":"https:\/\/eldiariodesanpedro.com.ar\/sitio\/wp-json\/wp\/v2\/posts\/124638\/revisions\/124639"}],"wp:featuredmedia":[{"embeddable":true,"href":"https:\/\/eldiariodesanpedro.com.ar\/sitio\/wp-json\/wp\/v2\/media\/81053"}],"wp:attachment":[{"href":"https:\/\/eldiariodesanpedro.com.ar\/sitio\/wp-json\/wp\/v2\/media?parent=124638"}],"wp:term":[{"taxonomy":"category","embeddable":true,"href":"https:\/\/eldiariodesanpedro.com.ar\/sitio\/wp-json\/wp\/v2\/categories?post=124638"},{"taxonomy":"post_tag","embeddable":true,"href":"https:\/\/eldiariodesanpedro.com.ar\/sitio\/wp-json\/wp\/v2\/tags?post=124638"}],"curies":[{"name":"wp","href":"https:\/\/api.w.org\/{rel}","templated":true}]}}