{"id":124635,"date":"2023-12-18T09:51:27","date_gmt":"2023-12-18T12:51:27","guid":{"rendered":"https:\/\/eldiariodesanpedro.com.ar\/sitio\/?p=124635"},"modified":"2023-12-18T09:51:30","modified_gmt":"2023-12-18T12:51:30","slug":"fuerte-temporal-sobre-san-pedro-y-la-region","status":"publish","type":"post","link":"https:\/\/eldiariodesanpedro.com.ar\/sitio\/fuerte-temporal-sobre-san-pedro-y-la-region\/","title":{"rendered":"Fuerte temporal sobre San Pedro y la regi\u00f3n"},"content":{"rendered":"<!-- VideographyWP Plugin Message: Automatic video embedding prevented by plugin options. -->\n\n<p>La ciudad y las localidades se vieron afectadas por el fuerte temporal que se desat\u00f3 durante la madrugada del domingo.<\/p>\n\n\n\n<p>l temporal de esta madrugada en San Pedro, dej\u00f3 como saldo voladuras de techo en dos viviendas, provoc\u00f3 otros da\u00f1os menores, algunas chapas, aparecieron sobre los \u00e1rboles. Una de ellas, ubicada en calle San Mart\u00edn al 2.600 y la otra en Gomendio 2875 una casa en construcci\u00f3n a terminar, por lo tanto no estaba habitada. En la primera, \u00absi vive gente, pero no sufri\u00f3 inconvenientes la familia. Pero desde temprano est\u00e1 trabajando personal de Desarrollo Humano con la contenci\u00f3n de Asistentes Sociales\u00bb, coment\u00f3 el Director de Defensa Civil, Fabio Giovanettoni.<\/p>\n\n\n\n<p>Se sigue trabajando con las plantas ca\u00eddas \u00aben distintos lugares, para despejar el tr\u00e1nsito, San Pedro tuvo obstruido el paso por una hora por \u00e1rboles ca\u00eddos\u00bb, se\u00f1al\u00f3 Giovanettoni.<\/p>\n\n\n\n<p>Adem\u00e1s, agreg\u00f3 que hasta el momento no hay evacuados en todo el distrito.<\/p>\n\n\n\n<p>En Santa Luc\u00eda, se produjo parte de la voladura de techo del Hospital y del galp\u00f3n de la Estaci\u00f3n del Ferrocarril.<\/p>\n","protected":false},"excerpt":{"rendered":"<p>La ciudad y las localidades se vieron afectadas por el fuerte temporal que se desat\u00f3 durante la madrugada del domingo. l temporal de esta madrugada en San Pedro, dej\u00f3 como saldo voladuras de techo en dos viviendas, provoc\u00f3 otros da\u00f1os menores, algunas chapas, aparecieron sobre los \u00e1rboles. Una de ellas, ubicada en calle San Mart\u00edn [&hellip;]<\/p>\n","protected":false},"author":4,"featured_media":124636,"comment_status":"closed","ping_status":"closed","sticky":false,"template":"","format":"standard","meta":{"om_disable_all_campaigns":false,"_jetpack_memberships_contains_paid_content":false,"footnotes":""},"categories":[50,101,2],"tags":[197,696,33,19],"class_list":["post-124635","post","type-post","status-publish","format-standard","has-post-thumbnail","hentry","category-destacadas","category-interes-general-locales","category-locales","tag-buenos-aires","tag-interes-general","tag-locales","tag-san-pedro"],"aioseo_notices":[],"gutentor_comment":0,"jetpack_featured_media_url":"https:\/\/eldiariodesanpedro.com.ar\/sitio\/wp-content\/uploads\/2023\/12\/WhatsApp-Image-2023-12-17-at-11.56.11.jpeg","jetpack_shortlink":"https:\/\/wp.me\/p6RhLt-wqf","jetpack_sharing_enabled":true,"_links":{"self":[{"href":"https:\/\/eldiariodesanpedro.com.ar\/sitio\/wp-json\/wp\/v2\/posts\/124635","targetHints":{"allow":["GET"]}}],"collection":[{"href":"https:\/\/eldiariodesanpedro.com.ar\/sitio\/wp-json\/wp\/v2\/posts"}],"about":[{"href":"https:\/\/eldiariodesanpedro.com.ar\/sitio\/wp-json\/wp\/v2\/types\/post"}],"author":[{"embeddable":true,"href":"https:\/\/eldiariodesanpedro.com.ar\/sitio\/wp-json\/wp\/v2\/users\/4"}],"replies":[{"embeddable":true,"href":"https:\/\/eldiariodesanpedro.com.ar\/sitio\/wp-json\/wp\/v2\/comments?post=124635"}],"version-history":[{"count":1,"href":"https:\/\/eldiariodesanpedro.com.ar\/sitio\/wp-json\/wp\/v2\/posts\/124635\/revisions"}],"predecessor-version":[{"id":124637,"href":"https:\/\/eldiariodesanpedro.com.ar\/sitio\/wp-json\/wp\/v2\/posts\/124635\/revisions\/124637"}],"wp:featuredmedia":[{"embeddable":true,"href":"https:\/\/eldiariodesanpedro.com.ar\/sitio\/wp-json\/wp\/v2\/media\/124636"}],"wp:attachment":[{"href":"https:\/\/eldiariodesanpedro.com.ar\/sitio\/wp-json\/wp\/v2\/media?parent=124635"}],"wp:term":[{"taxonomy":"category","embeddable":true,"href":"https:\/\/eldiariodesanpedro.com.ar\/sitio\/wp-json\/wp\/v2\/categories?post=124635"},{"taxonomy":"post_tag","embeddable":true,"href":"https:\/\/eldiariodesanpedro.com.ar\/sitio\/wp-json\/wp\/v2\/tags?post=124635"}],"curies":[{"name":"wp","href":"https:\/\/api.w.org\/{rel}","templated":true}]}}