{"id":124621,"date":"2023-12-14T16:37:57","date_gmt":"2023-12-14T19:37:57","guid":{"rendered":"https:\/\/eldiariodesanpedro.com.ar\/sitio\/?p=124621"},"modified":"2023-12-14T16:38:00","modified_gmt":"2023-12-14T19:38:00","slug":"detencion-sujeto-enanzo-a-su-padre-en-un-conflicto-familiar","status":"publish","type":"post","link":"https:\/\/eldiariodesanpedro.com.ar\/sitio\/detencion-sujeto-enanzo-a-su-padre-en-un-conflicto-familiar\/","title":{"rendered":"Detenci\u00f3n: sujeto enanz\u00f3 a su padre en un conflicto familiar"},"content":{"rendered":"<!-- VideographyWP Plugin Message: Automatic video embedding prevented by plugin options. -->\n\n<p>En una r\u00e1pida respuesta a una llamada al 911, el personal de esta dependencia policial se desplaz\u00f3 hasta una residencia ubicada en N. de Torres al 800 de nuestra ciudad en el d\u00eda de ayer. La intervenci\u00f3n tuvo lugar a ra\u00edz de un conflicto familiar de \u00edndole filial, que culmin\u00f3 con la aprehensi\u00f3n de un hombre de 27 a\u00f1os de edad.<\/p>\n\n\n\n<p>En el escenario del incidente, el aprehendido, en presencia de los efectivos policiales, profiri\u00f3 amenazas contra un progenitor, un hombre de 58 a\u00f1os, generando un clima de tensi\u00f3n en el entorno dom\u00e9stico.<\/p>\n\n\n\n<p>La v\u00edctima de las amenazas recibi\u00f3 asistencia por parte de la Comisar\u00eda de la Mujer y la Familia, quienes brindaron apoyo y orientaci\u00f3n en este contexto delicado. La Unidad Fiscal de Investigaciones N\u00b0 11 (UFI 11) ha tomado cartas en el asunto y est\u00e1 llevando a cabo las diligencias correspondientes para esclarecer el incidente.<\/p>\n","protected":false},"excerpt":{"rendered":"<p>En una r\u00e1pida respuesta a una llamada al 911, el personal de esta dependencia policial se desplaz\u00f3 hasta una residencia ubicada en N. de Torres al 800 de nuestra ciudad en el d\u00eda de ayer. La intervenci\u00f3n tuvo lugar a ra\u00edz de un conflicto familiar de \u00edndole filial, que culmin\u00f3 con la aprehensi\u00f3n de un [&hellip;]<\/p>\n","protected":false},"author":4,"featured_media":124622,"comment_status":"closed","ping_status":"closed","sticky":false,"template":"","format":"standard","meta":{"om_disable_all_campaigns":false,"_jetpack_memberships_contains_paid_content":false,"footnotes":""},"categories":[2,103],"tags":[197,33,95,19],"class_list":["post-124621","post","type-post","status-publish","format-standard","has-post-thumbnail","hentry","category-locales","category-policiales-locales","tag-buenos-aires","tag-locales","tag-policiales","tag-san-pedro"],"aioseo_notices":[],"gutentor_comment":0,"jetpack_featured_media_url":"https:\/\/eldiariodesanpedro.com.ar\/sitio\/wp-content\/uploads\/2023\/12\/detenido-por-agredir-a-su-progenitor.jpg","jetpack_shortlink":"https:\/\/wp.me\/p6RhLt-wq1","jetpack_sharing_enabled":true,"_links":{"self":[{"href":"https:\/\/eldiariodesanpedro.com.ar\/sitio\/wp-json\/wp\/v2\/posts\/124621","targetHints":{"allow":["GET"]}}],"collection":[{"href":"https:\/\/eldiariodesanpedro.com.ar\/sitio\/wp-json\/wp\/v2\/posts"}],"about":[{"href":"https:\/\/eldiariodesanpedro.com.ar\/sitio\/wp-json\/wp\/v2\/types\/post"}],"author":[{"embeddable":true,"href":"https:\/\/eldiariodesanpedro.com.ar\/sitio\/wp-json\/wp\/v2\/users\/4"}],"replies":[{"embeddable":true,"href":"https:\/\/eldiariodesanpedro.com.ar\/sitio\/wp-json\/wp\/v2\/comments?post=124621"}],"version-history":[{"count":1,"href":"https:\/\/eldiariodesanpedro.com.ar\/sitio\/wp-json\/wp\/v2\/posts\/124621\/revisions"}],"predecessor-version":[{"id":124623,"href":"https:\/\/eldiariodesanpedro.com.ar\/sitio\/wp-json\/wp\/v2\/posts\/124621\/revisions\/124623"}],"wp:featuredmedia":[{"embeddable":true,"href":"https:\/\/eldiariodesanpedro.com.ar\/sitio\/wp-json\/wp\/v2\/media\/124622"}],"wp:attachment":[{"href":"https:\/\/eldiariodesanpedro.com.ar\/sitio\/wp-json\/wp\/v2\/media?parent=124621"}],"wp:term":[{"taxonomy":"category","embeddable":true,"href":"https:\/\/eldiariodesanpedro.com.ar\/sitio\/wp-json\/wp\/v2\/categories?post=124621"},{"taxonomy":"post_tag","embeddable":true,"href":"https:\/\/eldiariodesanpedro.com.ar\/sitio\/wp-json\/wp\/v2\/tags?post=124621"}],"curies":[{"name":"wp","href":"https:\/\/api.w.org\/{rel}","templated":true}]}}