{"id":124615,"date":"2023-12-14T16:05:44","date_gmt":"2023-12-14T19:05:44","guid":{"rendered":"https:\/\/eldiariodesanpedro.com.ar\/sitio\/?p=124615"},"modified":"2023-12-14T16:05:48","modified_gmt":"2023-12-14T19:05:48","slug":"de-disney-en-san-pedro-al-borda","status":"publish","type":"post","link":"https:\/\/eldiariodesanpedro.com.ar\/sitio\/de-disney-en-san-pedro-al-borda\/","title":{"rendered":"De Disney en San Pedro al Borda"},"content":{"rendered":"<!-- VideographyWP Plugin Message: Automatic video embedding prevented by plugin options. -->\n\n<p>Max Higgins, un empresario jamaiquino de 53 a\u00f1os, experimenta una situaci\u00f3n desafiante que lo ha llevado desde el reconocimiento como el \u00abRey del entretenimiento\u00bb y promotor del \u00abDisney Argentino\u00bb hasta encontrarse en una situaci\u00f3n de vulnerabilidad. El exc\u00e9ntrico empresario, que alguna vez lleg\u00f3 a nuestra ciudad con grandes promesas comerciales, fue descubierto deambulando sin rumbo en Puerto Madero, descalzo y con un malet\u00edn desgastado.<\/p>\n\n\n\n<p>Su estado mental aparentemente deteriorado se manifestaba a trav\u00e9s de proclamas en ingl\u00e9s sobre salvar la econom\u00eda mundial a cambio de sus millones perdidos. Dorm\u00eda en lugares improvisados, como frente al Luna Park o en la Reserva Ecol\u00f3gica, utilizando su malet\u00edn como almohada, donde guardaba un s\u00e1ndwich durante d\u00edas y recopilaba papeles y folletos que encontraba en la calle.<\/p>\n\n\n\n<p>Anteriormente, Higgins hab\u00eda anunciado proyectos ambiciosos, como la construcci\u00f3n del \u00abDisney Argentino\u00bb y la participaci\u00f3n de Diego Maradona como jurado en un concurso de talentos futbol\u00edsticos. Sin embargo, su vida de lujos y eventos extravagantes se desmoron\u00f3.<\/p>\n\n\n\n<p>Despu\u00e9s de ser localizado recientemente gracias a un pedido de b\u00fasqueda, la Divisi\u00f3n de Personas Extraviadas lo identific\u00f3 y, debido a su \u00abriesgo cierto e inminente para s\u00ed mismo y\/o terceros, con diagn\u00f3stico de descompensaci\u00f3n psic\u00f3tica\u00bb, fue trasladado al Hospital Borda.<\/p>\n\n\n\n<p>Higgins, quien alguna vez estuvo vinculado a eventos deportivos y lujos junto a Maradona, parece haber perdido la conexi\u00f3n con la realidad. Su historia, que incluy\u00f3 proyectos multimillonarios y participaci\u00f3n en eventos deportivos, ahora culmina con su ingreso a un hospital psiqui\u00e1trico.<\/p>\n","protected":false},"excerpt":{"rendered":"<p>Max Higgins, un empresario jamaiquino de 53 a\u00f1os, experimenta una situaci\u00f3n desafiante que lo ha llevado desde el reconocimiento como el \u00abRey del entretenimiento\u00bb y promotor del \u00abDisney Argentino\u00bb hasta encontrarse en una situaci\u00f3n de vulnerabilidad. El exc\u00e9ntrico empresario, que alguna vez lleg\u00f3 a nuestra ciudad con grandes promesas comerciales, fue descubierto deambulando sin rumbo [&hellip;]<\/p>\n","protected":false},"author":4,"featured_media":124616,"comment_status":"closed","ping_status":"closed","sticky":false,"template":"","format":"standard","meta":{"om_disable_all_campaigns":false,"_jetpack_memberships_contains_paid_content":false,"footnotes":""},"categories":[50,2,103],"tags":[197,33,95,19],"class_list":["post-124615","post","type-post","status-publish","format-standard","has-post-thumbnail","hentry","category-destacadas","category-locales","category-policiales-locales","tag-buenos-aires","tag-locales","tag-policiales","tag-san-pedro"],"aioseo_notices":[],"gutentor_comment":0,"jetpack_featured_media_url":"https:\/\/eldiariodesanpedro.com.ar\/sitio\/wp-content\/uploads\/2023\/12\/replicate-prediction-lwx7s2bbexbqa6vz7sukm25cci.jpg","jetpack_shortlink":"https:\/\/wp.me\/p6RhLt-wpV","jetpack_sharing_enabled":true,"_links":{"self":[{"href":"https:\/\/eldiariodesanpedro.com.ar\/sitio\/wp-json\/wp\/v2\/posts\/124615","targetHints":{"allow":["GET"]}}],"collection":[{"href":"https:\/\/eldiariodesanpedro.com.ar\/sitio\/wp-json\/wp\/v2\/posts"}],"about":[{"href":"https:\/\/eldiariodesanpedro.com.ar\/sitio\/wp-json\/wp\/v2\/types\/post"}],"author":[{"embeddable":true,"href":"https:\/\/eldiariodesanpedro.com.ar\/sitio\/wp-json\/wp\/v2\/users\/4"}],"replies":[{"embeddable":true,"href":"https:\/\/eldiariodesanpedro.com.ar\/sitio\/wp-json\/wp\/v2\/comments?post=124615"}],"version-history":[{"count":1,"href":"https:\/\/eldiariodesanpedro.com.ar\/sitio\/wp-json\/wp\/v2\/posts\/124615\/revisions"}],"predecessor-version":[{"id":124617,"href":"https:\/\/eldiariodesanpedro.com.ar\/sitio\/wp-json\/wp\/v2\/posts\/124615\/revisions\/124617"}],"wp:featuredmedia":[{"embeddable":true,"href":"https:\/\/eldiariodesanpedro.com.ar\/sitio\/wp-json\/wp\/v2\/media\/124616"}],"wp:attachment":[{"href":"https:\/\/eldiariodesanpedro.com.ar\/sitio\/wp-json\/wp\/v2\/media?parent=124615"}],"wp:term":[{"taxonomy":"category","embeddable":true,"href":"https:\/\/eldiariodesanpedro.com.ar\/sitio\/wp-json\/wp\/v2\/categories?post=124615"},{"taxonomy":"post_tag","embeddable":true,"href":"https:\/\/eldiariodesanpedro.com.ar\/sitio\/wp-json\/wp\/v2\/tags?post=124615"}],"curies":[{"name":"wp","href":"https:\/\/api.w.org\/{rel}","templated":true}]}}