{"id":124612,"date":"2023-12-14T15:27:00","date_gmt":"2023-12-14T18:27:00","guid":{"rendered":"https:\/\/eldiariodesanpedro.com.ar\/sitio\/?p=124612"},"modified":"2023-12-14T15:27:02","modified_gmt":"2023-12-14T18:27:02","slug":"valentina-boari-subcampeona-nacional-de-natacion-en-los-100-metros-libres","status":"publish","type":"post","link":"https:\/\/eldiariodesanpedro.com.ar\/sitio\/valentina-boari-subcampeona-nacional-de-natacion-en-los-100-metros-libres\/","title":{"rendered":"Valentina Boari, subcampeona nacional de nataci\u00f3n en los 100 metros libres"},"content":{"rendered":"<!-- VideographyWP Plugin Message: Automatic video embedding prevented by plugin options. -->\n\n<p>Valentina Boari, del Club de Pescadores y N\u00e1utica, se colg\u00f3 la medalla de plata en los 100 metros Libres en el Campeonato Nacional de Nataci\u00f3n para Infantiles y Menores Abel Justo Badaracco, que se disputa en el Natatorio Ol\u00edmpico Alberto Zorrilla de Mar del Plata.<\/p>\n\n\n\n<p>La nadadora sanpedrina cronometr\u00f3 1.11.01 y qued\u00f3 segunda detr\u00e1s de la bonaerense Agustina Gayoso, que marc\u00f3 1.09.84. Con este resultado, Boari se consagr\u00f3 subcampeona nacional de su categor\u00eda y demostr\u00f3 su gran nivel competitivo.<\/p>\n\n\n\n<p>El certamen nacional re\u00fane a los mejores nadadores del pa\u00eds en las categor\u00edas Infantiles y Menores, y se extender\u00e1 hasta el s\u00e1bado 15 de diciembre. Adem\u00e1s de Boari, otros cuatro representantes locales participan del evento: Anah\u00ed Arrigo, Sim\u00f3n Rodr\u00edguez Guzzo y Gonzalo Rasio, por el Club de Pescadores y N\u00e1utica, y Jerem\u00edas Aguilar y Sara Duarte, por el Club N\u00e1utico. Todos ellos buscan mejorar sus marcas personales y dejar en alto el nombre de San Pedro en el \u00e1mbito acu\u00e1tico nacional.<\/p>\n","protected":false},"excerpt":{"rendered":"<p>Valentina Boari, del Club de Pescadores y N\u00e1utica, se colg\u00f3 la medalla de plata en los 100 metros Libres en el Campeonato Nacional de Nataci\u00f3n para Infantiles y Menores Abel Justo Badaracco, que se disputa en el Natatorio Ol\u00edmpico Alberto Zorrilla de Mar del Plata. La nadadora sanpedrina cronometr\u00f3 1.11.01 y qued\u00f3 segunda detr\u00e1s de [&hellip;]<\/p>\n","protected":false},"author":4,"featured_media":124613,"comment_status":"closed","ping_status":"closed","sticky":false,"template":"","format":"standard","meta":{"om_disable_all_campaigns":false,"_jetpack_memberships_contains_paid_content":false,"footnotes":""},"categories":[50,101,2],"tags":[],"class_list":["post-124612","post","type-post","status-publish","format-standard","has-post-thumbnail","hentry","category-destacadas","category-interes-general-locales","category-locales"],"aioseo_notices":[],"gutentor_comment":0,"jetpack_featured_media_url":"https:\/\/eldiariodesanpedro.com.ar\/sitio\/wp-content\/uploads\/2023\/12\/409875433_857399243051906_7793576095947283245_n.jpg","jetpack_shortlink":"https:\/\/wp.me\/p6RhLt-wpS","jetpack_sharing_enabled":true,"_links":{"self":[{"href":"https:\/\/eldiariodesanpedro.com.ar\/sitio\/wp-json\/wp\/v2\/posts\/124612","targetHints":{"allow":["GET"]}}],"collection":[{"href":"https:\/\/eldiariodesanpedro.com.ar\/sitio\/wp-json\/wp\/v2\/posts"}],"about":[{"href":"https:\/\/eldiariodesanpedro.com.ar\/sitio\/wp-json\/wp\/v2\/types\/post"}],"author":[{"embeddable":true,"href":"https:\/\/eldiariodesanpedro.com.ar\/sitio\/wp-json\/wp\/v2\/users\/4"}],"replies":[{"embeddable":true,"href":"https:\/\/eldiariodesanpedro.com.ar\/sitio\/wp-json\/wp\/v2\/comments?post=124612"}],"version-history":[{"count":1,"href":"https:\/\/eldiariodesanpedro.com.ar\/sitio\/wp-json\/wp\/v2\/posts\/124612\/revisions"}],"predecessor-version":[{"id":124614,"href":"https:\/\/eldiariodesanpedro.com.ar\/sitio\/wp-json\/wp\/v2\/posts\/124612\/revisions\/124614"}],"wp:featuredmedia":[{"embeddable":true,"href":"https:\/\/eldiariodesanpedro.com.ar\/sitio\/wp-json\/wp\/v2\/media\/124613"}],"wp:attachment":[{"href":"https:\/\/eldiariodesanpedro.com.ar\/sitio\/wp-json\/wp\/v2\/media?parent=124612"}],"wp:term":[{"taxonomy":"category","embeddable":true,"href":"https:\/\/eldiariodesanpedro.com.ar\/sitio\/wp-json\/wp\/v2\/categories?post=124612"},{"taxonomy":"post_tag","embeddable":true,"href":"https:\/\/eldiariodesanpedro.com.ar\/sitio\/wp-json\/wp\/v2\/tags?post=124612"}],"curies":[{"name":"wp","href":"https:\/\/api.w.org\/{rel}","templated":true}]}}