{"id":124608,"date":"2023-12-14T14:50:58","date_gmt":"2023-12-14T17:50:58","guid":{"rendered":"https:\/\/eldiariodesanpedro.com.ar\/sitio\/?p=124608"},"modified":"2023-12-14T14:51:00","modified_gmt":"2023-12-14T17:51:00","slug":"se-incendio-un-automovil-que-venia-circulando-en-la-via-publica","status":"publish","type":"post","link":"https:\/\/eldiariodesanpedro.com.ar\/sitio\/se-incendio-un-automovil-que-venia-circulando-en-la-via-publica\/","title":{"rendered":"Se incendio un autom\u00f3vil que venia circulando en la v\u00eda publica"},"content":{"rendered":"<!-- VideographyWP Plugin Message: Automatic video embedding prevented by plugin options. -->\n\n<p>En la ma\u00f1ana de este jueves, un autom\u00f3vil Ford Fiesta que transitaba por la calle Liniers al 347 experiment\u00f3 un incendio cuyas causas a\u00fan se est\u00e1n investigando. Afortunadamente, una familia se encontraba en el veh\u00edculo y logr\u00f3 evacuar a tiempo, sin sufrir heridas de gravedad. El autom\u00f3vil result\u00f3 completamente destruido por las llamas, las cuales incluso alcanzaron a derretir el bloque de aluminio del motor.<\/p>\n\n\n\n<p>Ante la emergencia, los bomberos voluntarios, a bordo del m\u00f3vil 15, acudieron al lugar para controlar el incendio. Actualmente se est\u00e1n llevando a cabo investigaciones para determinar las causas del siniestro, las cuales podr\u00edan estar relacionadas con un cortocircuito o una falla mec\u00e1nica.<\/p>\n\n\n\n<p>Fotos: Mariano Hansen<\/p>\n\n\n\n<figure class=\"wp-block-image size-large\"><img decoding=\"async\" width=\"1024\" height=\"575\" data-attachment-id=\"124610\" data-permalink=\"https:\/\/eldiariodesanpedro.com.ar\/sitio\/se-incendio-un-automovil-que-venia-circulando-en-la-via-publica\/whatsapp-image-2023-12-14-at-10-56-04\/\" data-orig-file=\"https:\/\/eldiariodesanpedro.com.ar\/sitio\/wp-content\/uploads\/2023\/12\/WhatsApp-Image-2023-12-14-at-10.56.04.jpeg\" data-orig-size=\"1121,630\" data-comments-opened=\"0\" data-image-meta=\"{&quot;aperture&quot;:&quot;0&quot;,&quot;credit&quot;:&quot;&quot;,&quot;camera&quot;:&quot;&quot;,&quot;caption&quot;:&quot;&quot;,&quot;created_timestamp&quot;:&quot;0&quot;,&quot;copyright&quot;:&quot;&quot;,&quot;focal_length&quot;:&quot;0&quot;,&quot;iso&quot;:&quot;0&quot;,&quot;shutter_speed&quot;:&quot;0&quot;,&quot;title&quot;:&quot;&quot;,&quot;orientation&quot;:&quot;0&quot;}\" data-image-title=\"WhatsApp-Image-2023-12-14-at-10.56.04\" data-image-description=\"\" data-image-caption=\"\" data-large-file=\"https:\/\/eldiariodesanpedro.com.ar\/sitio\/wp-content\/uploads\/2023\/12\/WhatsApp-Image-2023-12-14-at-10.56.04-1024x575.jpeg\" data-src=\"https:\/\/eldiariodesanpedro.com.ar\/sitio\/wp-content\/uploads\/2023\/12\/WhatsApp-Image-2023-12-14-at-10.56.04-1024x575.jpeg\" alt=\"\" class=\"wp-image-124610 lazyload\" data-srcset=\"https:\/\/eldiariodesanpedro.com.ar\/sitio\/wp-content\/uploads\/2023\/12\/WhatsApp-Image-2023-12-14-at-10.56.04-1024x575.jpeg 1024w, https:\/\/eldiariodesanpedro.com.ar\/sitio\/wp-content\/uploads\/2023\/12\/WhatsApp-Image-2023-12-14-at-10.56.04-300x169.jpeg 300w, https:\/\/eldiariodesanpedro.com.ar\/sitio\/wp-content\/uploads\/2023\/12\/WhatsApp-Image-2023-12-14-at-10.56.04-768x432.jpeg 768w, https:\/\/eldiariodesanpedro.com.ar\/sitio\/wp-content\/uploads\/2023\/12\/WhatsApp-Image-2023-12-14-at-10.56.04.jpeg 1121w\" data-sizes=\"(max-width: 1024px) 100vw, 1024px\" src=\"data:image\/svg+xml;base64,PHN2ZyB3aWR0aD0iMSIgaGVpZ2h0PSIxIiB4bWxucz0iaHR0cDovL3d3dy53My5vcmcvMjAwMC9zdmciPjwvc3ZnPg==\" style=\"--smush-placeholder-width: 1024px; --smush-placeholder-aspect-ratio: 1024\/575;\" \/><\/figure>\n","protected":false},"excerpt":{"rendered":"<p>En la ma\u00f1ana de este jueves, un autom\u00f3vil Ford Fiesta que transitaba por la calle Liniers al 347 experiment\u00f3 un incendio cuyas causas a\u00fan se est\u00e1n investigando. Afortunadamente, una familia se encontraba en el veh\u00edculo y logr\u00f3 evacuar a tiempo, sin sufrir heridas de gravedad. El autom\u00f3vil result\u00f3 completamente destruido por las llamas, las cuales [&hellip;]<\/p>\n","protected":false},"author":4,"featured_media":124609,"comment_status":"closed","ping_status":"closed","sticky":false,"template":"","format":"standard","meta":{"om_disable_all_campaigns":false,"_jetpack_memberships_contains_paid_content":false,"footnotes":""},"categories":[50,2,103],"tags":[197,33,95,19],"class_list":["post-124608","post","type-post","status-publish","format-standard","has-post-thumbnail","hentry","category-destacadas","category-locales","category-policiales-locales","tag-buenos-aires","tag-locales","tag-policiales","tag-san-pedro"],"aioseo_notices":[],"gutentor_comment":0,"jetpack_featured_media_url":"https:\/\/eldiariodesanpedro.com.ar\/sitio\/wp-content\/uploads\/2023\/12\/WhatsApp-Image-2023-12-14-at-11.12.28-770x578-1.jpeg","jetpack_shortlink":"https:\/\/wp.me\/p6RhLt-wpO","jetpack_sharing_enabled":true,"_links":{"self":[{"href":"https:\/\/eldiariodesanpedro.com.ar\/sitio\/wp-json\/wp\/v2\/posts\/124608","targetHints":{"allow":["GET"]}}],"collection":[{"href":"https:\/\/eldiariodesanpedro.com.ar\/sitio\/wp-json\/wp\/v2\/posts"}],"about":[{"href":"https:\/\/eldiariodesanpedro.com.ar\/sitio\/wp-json\/wp\/v2\/types\/post"}],"author":[{"embeddable":true,"href":"https:\/\/eldiariodesanpedro.com.ar\/sitio\/wp-json\/wp\/v2\/users\/4"}],"replies":[{"embeddable":true,"href":"https:\/\/eldiariodesanpedro.com.ar\/sitio\/wp-json\/wp\/v2\/comments?post=124608"}],"version-history":[{"count":1,"href":"https:\/\/eldiariodesanpedro.com.ar\/sitio\/wp-json\/wp\/v2\/posts\/124608\/revisions"}],"predecessor-version":[{"id":124611,"href":"https:\/\/eldiariodesanpedro.com.ar\/sitio\/wp-json\/wp\/v2\/posts\/124608\/revisions\/124611"}],"wp:featuredmedia":[{"embeddable":true,"href":"https:\/\/eldiariodesanpedro.com.ar\/sitio\/wp-json\/wp\/v2\/media\/124609"}],"wp:attachment":[{"href":"https:\/\/eldiariodesanpedro.com.ar\/sitio\/wp-json\/wp\/v2\/media?parent=124608"}],"wp:term":[{"taxonomy":"category","embeddable":true,"href":"https:\/\/eldiariodesanpedro.com.ar\/sitio\/wp-json\/wp\/v2\/categories?post=124608"},{"taxonomy":"post_tag","embeddable":true,"href":"https:\/\/eldiariodesanpedro.com.ar\/sitio\/wp-json\/wp\/v2\/tags?post=124608"}],"curies":[{"name":"wp","href":"https:\/\/api.w.org\/{rel}","templated":true}]}}