{"id":124604,"date":"2023-12-14T14:06:59","date_gmt":"2023-12-14T17:06:59","guid":{"rendered":"https:\/\/eldiariodesanpedro.com.ar\/sitio\/?p=124604"},"modified":"2023-12-14T14:07:01","modified_gmt":"2023-12-14T17:07:01","slug":"ya-esta-la-primera-grilla-del-baradero-rock-2024","status":"publish","type":"post","link":"https:\/\/eldiariodesanpedro.com.ar\/sitio\/ya-esta-la-primera-grilla-del-baradero-rock-2024\/","title":{"rendered":"Ya esta la primera grilla del Baradero Rock 2024"},"content":{"rendered":"<!-- VideographyWP Plugin Message: Automatic video embedding prevented by plugin options. -->\n\n<p>El Festival de Rock m\u00e1s destacado del pa\u00eds anuncia un Line-up impactante para su novena edici\u00f3n. El evento se llevar\u00e1 a cabo los d\u00edas 29 y 30 de marzo de 2024 en el Anfiteatro Municipal. Las entradas est\u00e1n disponibles en <a href=\"http:\/\/www.livepass.com.ar\/\">www.livepass.com.ar<\/a>.<\/p>\n\n\n\n<p>La esperada ceremonia anual est\u00e1 lista para desplegar una experiencia art\u00edstica y musical \u00fanica durante el fin de semana largo. El Festival de Rock, ubicado a 150 km del Obelisco, a una hora de Rosario y en las proximidades del r\u00edo, en el coraz\u00f3n de la Provincia, cerca de la ruta 9, regresa con una propuesta que va m\u00e1s all\u00e1 de las tendencias.<\/p>\n\n\n\n<p>El 29 y 30 de marzo de 2024, el festival contar\u00e1 con tres escenarios y m\u00e1s de 40 bandas, ofreciendo himnos que resuenan en todo el pa\u00eds. Rock en Baradero regresa debido a la anticipaci\u00f3n y el entusiasmo de sus seguidores.<\/p>\n\n\n\n<p>El Line-up incluye destacadas bandas como Rata Blanca, Catupecu Machu, Las Pelotas, Los Aut\u00e9nticos Decadentes, Los Palmeras, Guasones, Fabiana Cantilo, La H No Muri\u00f3, Usted Se\u00f1\u00e1lemelo, Nafta, El Kuelgue, Estelares, Kapanga, Emmanuel Horvilleur, Dante Spinetta, Turf, El Plan de la Mariposa, Los Pericos, Nonpalidece, Benjam\u00edn Amadeo, El Bordo, Massacre, Piti Fern\u00e1ndez, Eterna Inocencia, Militantes del Cl\u00edmax, El Zar, Koino Yokan, Ryan, Manu Mart\u00ednez, Doppel Gangs, Terapia, Ketekalles, Barco, Buenos Vampiros, Las Tussi, Kill Flora, Mugre, Sakatumba, Nina Su\u00e1rez, WRRN, Dum Chica, El Club Audiovisual, Camionero, Mora y los Metegoles, y Revistas.<\/p>\n\n\n\n<p>El evento promete reavivar la emoci\u00f3n de sumergirse en el pogo, viajar con amigos, y disfrutar del verano con seres queridos. La comunidad de Rock en Baradero celebra diez a\u00f1os de esta ceremonia veraniega que re\u00fane a miles de corazones para vibrar, saltar, bailar y abrazarse.<\/p>\n\n\n\n<figure class=\"wp-block-image size-full\"><img decoding=\"async\" width=\"505\" height=\"630\" data-attachment-id=\"124605\" data-permalink=\"https:\/\/eldiariodesanpedro.com.ar\/sitio\/ya-esta-la-primera-grilla-del-baradero-rock-2024\/unnamed-203\/\" data-orig-file=\"https:\/\/eldiariodesanpedro.com.ar\/sitio\/wp-content\/uploads\/2023\/12\/unnamed.jpg\" data-orig-size=\"505,630\" data-comments-opened=\"0\" data-image-meta=\"{&quot;aperture&quot;:&quot;0&quot;,&quot;credit&quot;:&quot;&quot;,&quot;camera&quot;:&quot;&quot;,&quot;caption&quot;:&quot;&quot;,&quot;created_timestamp&quot;:&quot;0&quot;,&quot;copyright&quot;:&quot;&quot;,&quot;focal_length&quot;:&quot;0&quot;,&quot;iso&quot;:&quot;0&quot;,&quot;shutter_speed&quot;:&quot;0&quot;,&quot;title&quot;:&quot;&quot;,&quot;orientation&quot;:&quot;0&quot;}\" data-image-title=\"unnamed\" data-image-description=\"\" data-image-caption=\"\" data-large-file=\"https:\/\/eldiariodesanpedro.com.ar\/sitio\/wp-content\/uploads\/2023\/12\/unnamed.jpg\" data-src=\"https:\/\/eldiariodesanpedro.com.ar\/sitio\/wp-content\/uploads\/2023\/12\/unnamed.jpg\" alt=\"\" class=\"wp-image-124605 lazyload\" data-srcset=\"https:\/\/eldiariodesanpedro.com.ar\/sitio\/wp-content\/uploads\/2023\/12\/unnamed.jpg 505w, https:\/\/eldiariodesanpedro.com.ar\/sitio\/wp-content\/uploads\/2023\/12\/unnamed-240x300.jpg 240w\" data-sizes=\"(max-width: 505px) 100vw, 505px\" src=\"data:image\/svg+xml;base64,PHN2ZyB3aWR0aD0iMSIgaGVpZ2h0PSIxIiB4bWxucz0iaHR0cDovL3d3dy53My5vcmcvMjAwMC9zdmciPjwvc3ZnPg==\" style=\"--smush-placeholder-width: 505px; --smush-placeholder-aspect-ratio: 505\/630;\" \/><\/figure>\n","protected":false},"excerpt":{"rendered":"<p>El Festival de Rock m\u00e1s destacado del pa\u00eds anuncia un Line-up impactante para su novena edici\u00f3n. El evento se llevar\u00e1 a cabo los d\u00edas 29 y 30 de marzo de 2024 en el Anfiteatro Municipal. Las entradas est\u00e1n disponibles en www.livepass.com.ar. La esperada ceremonia anual est\u00e1 lista para desplegar una experiencia art\u00edstica y musical \u00fanica [&hellip;]<\/p>\n","protected":false},"author":4,"featured_media":124606,"comment_status":"closed","ping_status":"closed","sticky":false,"template":"","format":"standard","meta":{"om_disable_all_campaigns":false,"_jetpack_memberships_contains_paid_content":false,"footnotes":""},"categories":[50,101,2],"tags":[],"class_list":["post-124604","post","type-post","status-publish","format-standard","has-post-thumbnail","hentry","category-destacadas","category-interes-general-locales","category-locales"],"aioseo_notices":[],"gutentor_comment":0,"jetpack_featured_media_url":"https:\/\/eldiariodesanpedro.com.ar\/sitio\/wp-content\/uploads\/2023\/12\/unnamed-1.jpg","jetpack_shortlink":"https:\/\/wp.me\/p6RhLt-wpK","jetpack_sharing_enabled":true,"_links":{"self":[{"href":"https:\/\/eldiariodesanpedro.com.ar\/sitio\/wp-json\/wp\/v2\/posts\/124604","targetHints":{"allow":["GET"]}}],"collection":[{"href":"https:\/\/eldiariodesanpedro.com.ar\/sitio\/wp-json\/wp\/v2\/posts"}],"about":[{"href":"https:\/\/eldiariodesanpedro.com.ar\/sitio\/wp-json\/wp\/v2\/types\/post"}],"author":[{"embeddable":true,"href":"https:\/\/eldiariodesanpedro.com.ar\/sitio\/wp-json\/wp\/v2\/users\/4"}],"replies":[{"embeddable":true,"href":"https:\/\/eldiariodesanpedro.com.ar\/sitio\/wp-json\/wp\/v2\/comments?post=124604"}],"version-history":[{"count":1,"href":"https:\/\/eldiariodesanpedro.com.ar\/sitio\/wp-json\/wp\/v2\/posts\/124604\/revisions"}],"predecessor-version":[{"id":124607,"href":"https:\/\/eldiariodesanpedro.com.ar\/sitio\/wp-json\/wp\/v2\/posts\/124604\/revisions\/124607"}],"wp:featuredmedia":[{"embeddable":true,"href":"https:\/\/eldiariodesanpedro.com.ar\/sitio\/wp-json\/wp\/v2\/media\/124606"}],"wp:attachment":[{"href":"https:\/\/eldiariodesanpedro.com.ar\/sitio\/wp-json\/wp\/v2\/media?parent=124604"}],"wp:term":[{"taxonomy":"category","embeddable":true,"href":"https:\/\/eldiariodesanpedro.com.ar\/sitio\/wp-json\/wp\/v2\/categories?post=124604"},{"taxonomy":"post_tag","embeddable":true,"href":"https:\/\/eldiariodesanpedro.com.ar\/sitio\/wp-json\/wp\/v2\/tags?post=124604"}],"curies":[{"name":"wp","href":"https:\/\/api.w.org\/{rel}","templated":true}]}}