{"id":124601,"date":"2023-12-14T12:09:08","date_gmt":"2023-12-14T15:09:08","guid":{"rendered":"https:\/\/eldiariodesanpedro.com.ar\/sitio\/?p=124601"},"modified":"2023-12-14T12:09:11","modified_gmt":"2023-12-14T15:09:11","slug":"una-medalla-muy-particular-con-una-curiosa-historia","status":"publish","type":"post","link":"https:\/\/eldiariodesanpedro.com.ar\/sitio\/una-medalla-muy-particular-con-una-curiosa-historia\/","title":{"rendered":"Una medalla muy particular con una curiosa historia"},"content":{"rendered":"<!-- VideographyWP Plugin Message: Automatic video embedding prevented by plugin options. -->\n\n<p><strong>Fue recuperada por el Grupo Conservacionista y en sus caras se destacan dos momentos muy puntuales de la historia reciente. Tal vez, nunca haya llegado a ser entregada.<\/strong><\/p>\n\n\n\n<p>El grupo del&nbsp;<strong>Museo Paleontol\u00f3gico<\/strong>&nbsp;de San Pedro detect\u00f3 una curiosa medalla vinculada con nuestra ciudad, en una p\u00e1gina de ventas \u201con line\u201d que involucra, en la misma pieza, dos hechos hist\u00f3ricos de importancia.<\/p>\n\n\n\n<p>La medalla, acu\u00f1ada en&nbsp;<strong>alpaca<\/strong>, una aleaci\u00f3n de zinc, cobre y n\u00edquel, estaba entre los objetos de un coleccionista de antig\u00fcedades del microcentro de Capital Federal.<\/p>\n\n\n\n<p>En una de las caras de la medalla, de unos&nbsp;<strong>3,5 cm de di\u00e1metro<\/strong>, se lee \u201c75 ANIVERSARIO\u201d, rodeado de una leyenda que dice \u201c1907-SAN PEDRO CIUDAD-1982. Completan el grabado, la silueta de una industria y un fragmento de campo. Muy chiquitas, se leen las iniciales RJ, que es el sello utilizado por la familia de la firma Riggio Joyas, reconocidos artesanos joyeros de nuestra ciudad.<\/p>\n\n\n\n<p>En la otra cara se lee \u201cEN EL A\u00d1O DE LA RECUPERACI\u00d3N ISLAS MALVINAS\u201d.<\/p>\n\n\n\n<p>Desde el grupo del Museo Paleontol\u00f3gico de San Pedro detallan: \u201c<em>Cuando vimos esta medalla a la venta, en Internet, decidimos que hab\u00eda que tratar de recuperarla para la ciudad. Parece haber una curiosa historia detr\u00e1s de esta hermosa pieza. Seg\u00fan nuestra interpretaci\u00f3n, podr\u00eda ser una medalla que nunca lleg\u00f3 a ser entregada<\/em>\u201d.<\/p>\n\n\n\n<p>De todas las fuentes consultadas por el grupo del museo, ninguna conoc\u00eda la medalla. Tampoco en la Asoc. Veteranos de Guerra de San Pedro ten\u00edan conocimiento de dicho objeto.<\/p>\n\n\n\n<p>Consultada la&nbsp;<strong>Sra. Matilde Alustiza de Riggio<\/strong>, explic\u00f3 que \u201c<em>no es una medalla cualquiera; es una pieza que ha requerido un trabajo de orfebrer\u00eda especial, con el tallado de un cu\u00f1o espec\u00edfico para modelar esa medalla. Pero no recuerdo haber visto ese cu\u00f1o en el taller familiar, ni a mi esposo trabajando en ese proyecto. Sin dudas, por tener el sello familiar (RJ) fue hecha por Alberto (Riggio) pero es una pieza muy llamativa a la que veo por primera vez<\/em>.\u201d<\/p>\n\n\n\n<p>El&nbsp;<strong>Grupo Conservacionista<\/strong>&nbsp;cree lo siguiente: \u201c<em>Nosotros suponemos que una medalla as\u00ed, s\u00f3lo pudo haber sido encargada por el Municipio. Obviamente, para ser repartida en la celebraci\u00f3n por el 75\u00ba aniversario de la declaraci\u00f3n de San Pedro Ciudad, que fue el 25 de Julio de 1982. La confecci\u00f3n de la medalla fue encargada despu\u00e9s de la toma de Malvinas, el 2 de Abril de aquel a\u00f1o. Pero mientras Riggio elaboraba la misma, se produce la&nbsp;<strong>rendici\u00f3n<\/strong>&nbsp;de las fuerzas argentinas en Malvinas, el 14 de Junio de 1982. Este hecho, por la frase alusiva a la \u201c<strong>recuperaci\u00f3n<\/strong>\u201d que tiene la medalla, hace que queden en el olvido y nunca lleguen a distribuirse para el aniversario de la ciudad. Por supuesto, que \u00e9sta es nuestra hip\u00f3tesis sobre este tema y cualquier otro tipo de informaci\u00f3n que alguien pueda aportar al respecto, es bienvenida\u201d.<\/em><\/p>\n","protected":false},"excerpt":{"rendered":"<p>Fue recuperada por el Grupo Conservacionista y en sus caras se destacan dos momentos muy puntuales de la historia reciente. Tal vez, nunca haya llegado a ser entregada. El grupo del&nbsp;Museo Paleontol\u00f3gico&nbsp;de San Pedro detect\u00f3 una curiosa medalla vinculada con nuestra ciudad, en una p\u00e1gina de ventas \u201con line\u201d que involucra, en la misma pieza, [&hellip;]<\/p>\n","protected":false},"author":4,"featured_media":124602,"comment_status":"closed","ping_status":"closed","sticky":false,"template":"","format":"standard","meta":{"om_disable_all_campaigns":false,"_jetpack_memberships_contains_paid_content":false,"footnotes":""},"categories":[50,101,2],"tags":[197,696,33,19],"class_list":["post-124601","post","type-post","status-publish","format-standard","has-post-thumbnail","hentry","category-destacadas","category-interes-general-locales","category-locales","tag-buenos-aires","tag-interes-general","tag-locales","tag-san-pedro"],"aioseo_notices":[],"gutentor_comment":0,"jetpack_featured_media_url":"https:\/\/eldiariodesanpedro.com.ar\/sitio\/wp-content\/uploads\/2023\/12\/MEDALLA.jpg","jetpack_shortlink":"https:\/\/wp.me\/p6RhLt-wpH","jetpack_sharing_enabled":true,"_links":{"self":[{"href":"https:\/\/eldiariodesanpedro.com.ar\/sitio\/wp-json\/wp\/v2\/posts\/124601","targetHints":{"allow":["GET"]}}],"collection":[{"href":"https:\/\/eldiariodesanpedro.com.ar\/sitio\/wp-json\/wp\/v2\/posts"}],"about":[{"href":"https:\/\/eldiariodesanpedro.com.ar\/sitio\/wp-json\/wp\/v2\/types\/post"}],"author":[{"embeddable":true,"href":"https:\/\/eldiariodesanpedro.com.ar\/sitio\/wp-json\/wp\/v2\/users\/4"}],"replies":[{"embeddable":true,"href":"https:\/\/eldiariodesanpedro.com.ar\/sitio\/wp-json\/wp\/v2\/comments?post=124601"}],"version-history":[{"count":1,"href":"https:\/\/eldiariodesanpedro.com.ar\/sitio\/wp-json\/wp\/v2\/posts\/124601\/revisions"}],"predecessor-version":[{"id":124603,"href":"https:\/\/eldiariodesanpedro.com.ar\/sitio\/wp-json\/wp\/v2\/posts\/124601\/revisions\/124603"}],"wp:featuredmedia":[{"embeddable":true,"href":"https:\/\/eldiariodesanpedro.com.ar\/sitio\/wp-json\/wp\/v2\/media\/124602"}],"wp:attachment":[{"href":"https:\/\/eldiariodesanpedro.com.ar\/sitio\/wp-json\/wp\/v2\/media?parent=124601"}],"wp:term":[{"taxonomy":"category","embeddable":true,"href":"https:\/\/eldiariodesanpedro.com.ar\/sitio\/wp-json\/wp\/v2\/categories?post=124601"},{"taxonomy":"post_tag","embeddable":true,"href":"https:\/\/eldiariodesanpedro.com.ar\/sitio\/wp-json\/wp\/v2\/tags?post=124601"}],"curies":[{"name":"wp","href":"https:\/\/api.w.org\/{rel}","templated":true}]}}