{"id":124582,"date":"2023-12-13T13:23:18","date_gmt":"2023-12-13T16:23:18","guid":{"rendered":"https:\/\/eldiariodesanpedro.com.ar\/sitio\/?p=124582"},"modified":"2023-12-13T13:23:21","modified_gmt":"2023-12-13T16:23:21","slug":"cierre-de-los-talleres-barriales-y-animate-vos-vales","status":"publish","type":"post","link":"https:\/\/eldiariodesanpedro.com.ar\/sitio\/cierre-de-los-talleres-barriales-y-animate-vos-vales\/","title":{"rendered":"Cierre de los Talleres Barriales y Anim\u00e1te Vos Vales"},"content":{"rendered":"<!-- VideographyWP Plugin Message: Automatic video embedding prevented by plugin options. -->\n\n<p>La Direcci\u00f3n de Cultura de la Municipalidad de San Pedro comparte la agenda de actividades que han sido planificadas para el cierre anual de los Talleres Barriales y del Programa Anim\u00e1te Vos Vales.<\/p>\n\n\n\n<p>Hasta el 16 de diciembre en el Centro Cultural Abelardo Castillo est\u00e1 en marcha una muestra de arte con las obras realizadas por todos los participantes. La misma puede visitarse de 8 a 20 horas.<\/p>\n\n\n\n<p>Adem\u00e1s se est\u00e1n desarrollando las clases abiertas que este mi\u00e9rcoles proponen Murga y Samba Brasilera, el jueves 14 folclore y canto\/percusi\u00f3n y el viernes 15 LSA, todos desde las 18.<\/p>\n\n\n\n<p>El viernes 15 desde las 20 est\u00e1 previsto un encuentro con murga, baile retro, narraci\u00f3n, LSA, Line Dance, Zumba y Folclore.<\/p>\n\n\n\n<p>El s\u00e1bado 16 desde las 17 en el Centro Cultural Abelardo Castillo la propuesta incluye Reggaet\u00f3n, Canto, Canto Grupal, Tanto Teatro, Milonga, Teatro y Folclore.<\/p>\n\n\n\n<p>Las actividades son organizadas con la Comisi\u00f3n de Promoci\u00f3n Cultural del HCD.<\/p>\n\n\n\n<p>Ante cualquier reprogramaci\u00f3n como consecuencia de las malas condiciones clim\u00e1ticas se informar\u00e1 a trav\u00e9s de las redes sociales.<\/p>\n\n\n\n<figure class=\"wp-block-image size-full\"><img decoding=\"async\" width=\"630\" height=\"630\" data-attachment-id=\"124583\" data-permalink=\"https:\/\/eldiariodesanpedro.com.ar\/sitio\/cierre-de-los-talleres-barriales-y-animate-vos-vales\/imagen-de-whatsapp-2023-12-13-a-las-08-39-32_d4a44238\/\" data-orig-file=\"https:\/\/eldiariodesanpedro.com.ar\/sitio\/wp-content\/uploads\/2023\/12\/Imagen-de-WhatsApp-2023-12-13-a-las-08.39.32_d4a44238.jpg\" data-orig-size=\"630,630\" data-comments-opened=\"0\" data-image-meta=\"{&quot;aperture&quot;:&quot;0&quot;,&quot;credit&quot;:&quot;&quot;,&quot;camera&quot;:&quot;&quot;,&quot;caption&quot;:&quot;&quot;,&quot;created_timestamp&quot;:&quot;0&quot;,&quot;copyright&quot;:&quot;&quot;,&quot;focal_length&quot;:&quot;0&quot;,&quot;iso&quot;:&quot;0&quot;,&quot;shutter_speed&quot;:&quot;0&quot;,&quot;title&quot;:&quot;&quot;,&quot;orientation&quot;:&quot;0&quot;}\" data-image-title=\"Imagen de WhatsApp 2023-12-13 a las 08.39.32_d4a44238\" data-image-description=\"\" data-image-caption=\"\" data-large-file=\"https:\/\/eldiariodesanpedro.com.ar\/sitio\/wp-content\/uploads\/2023\/12\/Imagen-de-WhatsApp-2023-12-13-a-las-08.39.32_d4a44238.jpg\" data-src=\"https:\/\/eldiariodesanpedro.com.ar\/sitio\/wp-content\/uploads\/2023\/12\/Imagen-de-WhatsApp-2023-12-13-a-las-08.39.32_d4a44238.jpg\" alt=\"\" class=\"wp-image-124583 lazyload\" data-srcset=\"https:\/\/eldiariodesanpedro.com.ar\/sitio\/wp-content\/uploads\/2023\/12\/Imagen-de-WhatsApp-2023-12-13-a-las-08.39.32_d4a44238.jpg 630w, https:\/\/eldiariodesanpedro.com.ar\/sitio\/wp-content\/uploads\/2023\/12\/Imagen-de-WhatsApp-2023-12-13-a-las-08.39.32_d4a44238-300x300.jpg 300w, https:\/\/eldiariodesanpedro.com.ar\/sitio\/wp-content\/uploads\/2023\/12\/Imagen-de-WhatsApp-2023-12-13-a-las-08.39.32_d4a44238-150x150.jpg 150w\" data-sizes=\"(max-width: 630px) 100vw, 630px\" src=\"data:image\/svg+xml;base64,PHN2ZyB3aWR0aD0iMSIgaGVpZ2h0PSIxIiB4bWxucz0iaHR0cDovL3d3dy53My5vcmcvMjAwMC9zdmciPjwvc3ZnPg==\" style=\"--smush-placeholder-width: 630px; --smush-placeholder-aspect-ratio: 630\/630;\" \/><\/figure>\n","protected":false},"excerpt":{"rendered":"<p>La Direcci\u00f3n de Cultura de la Municipalidad de San Pedro comparte la agenda de actividades que han sido planificadas para el cierre anual de los Talleres Barriales y del Programa Anim\u00e1te Vos Vales. Hasta el 16 de diciembre en el Centro Cultural Abelardo Castillo est\u00e1 en marcha una muestra de arte con las obras realizadas [&hellip;]<\/p>\n","protected":false},"author":4,"featured_media":119108,"comment_status":"closed","ping_status":"closed","sticky":false,"template":"","format":"standard","meta":{"om_disable_all_campaigns":false,"_jetpack_memberships_contains_paid_content":false,"footnotes":""},"categories":[101,2],"tags":[197,33,19],"class_list":["post-124582","post","type-post","status-publish","format-standard","has-post-thumbnail","hentry","category-interes-general-locales","category-locales","tag-buenos-aires","tag-locales","tag-san-pedro"],"aioseo_notices":[],"gutentor_comment":0,"jetpack_featured_media_url":"https:\/\/eldiariodesanpedro.com.ar\/sitio\/wp-content\/uploads\/2023\/06\/abelardo-castillo.jpg","jetpack_shortlink":"https:\/\/wp.me\/p6RhLt-wpo","jetpack_sharing_enabled":true,"_links":{"self":[{"href":"https:\/\/eldiariodesanpedro.com.ar\/sitio\/wp-json\/wp\/v2\/posts\/124582","targetHints":{"allow":["GET"]}}],"collection":[{"href":"https:\/\/eldiariodesanpedro.com.ar\/sitio\/wp-json\/wp\/v2\/posts"}],"about":[{"href":"https:\/\/eldiariodesanpedro.com.ar\/sitio\/wp-json\/wp\/v2\/types\/post"}],"author":[{"embeddable":true,"href":"https:\/\/eldiariodesanpedro.com.ar\/sitio\/wp-json\/wp\/v2\/users\/4"}],"replies":[{"embeddable":true,"href":"https:\/\/eldiariodesanpedro.com.ar\/sitio\/wp-json\/wp\/v2\/comments?post=124582"}],"version-history":[{"count":1,"href":"https:\/\/eldiariodesanpedro.com.ar\/sitio\/wp-json\/wp\/v2\/posts\/124582\/revisions"}],"predecessor-version":[{"id":124584,"href":"https:\/\/eldiariodesanpedro.com.ar\/sitio\/wp-json\/wp\/v2\/posts\/124582\/revisions\/124584"}],"wp:featuredmedia":[{"embeddable":true,"href":"https:\/\/eldiariodesanpedro.com.ar\/sitio\/wp-json\/wp\/v2\/media\/119108"}],"wp:attachment":[{"href":"https:\/\/eldiariodesanpedro.com.ar\/sitio\/wp-json\/wp\/v2\/media?parent=124582"}],"wp:term":[{"taxonomy":"category","embeddable":true,"href":"https:\/\/eldiariodesanpedro.com.ar\/sitio\/wp-json\/wp\/v2\/categories?post=124582"},{"taxonomy":"post_tag","embeddable":true,"href":"https:\/\/eldiariodesanpedro.com.ar\/sitio\/wp-json\/wp\/v2\/tags?post=124582"}],"curies":[{"name":"wp","href":"https:\/\/api.w.org\/{rel}","templated":true}]}}