{"id":124579,"date":"2023-12-13T13:16:21","date_gmt":"2023-12-13T16:16:21","guid":{"rendered":"https:\/\/eldiariodesanpedro.com.ar\/sitio\/?p=124579"},"modified":"2023-12-13T13:16:23","modified_gmt":"2023-12-13T16:16:23","slug":"fallecio-la-docente-y-dirigente-lidia-cremona-de-amarillo","status":"publish","type":"post","link":"https:\/\/eldiariodesanpedro.com.ar\/sitio\/fallecio-la-docente-y-dirigente-lidia-cremona-de-amarillo\/","title":{"rendered":"Falleci\u00f3 la docente y dirigente Lidia Cremona de Amarillo"},"content":{"rendered":"<!-- VideographyWP Plugin Message: Automatic video embedding prevented by plugin options. -->\n\n<p>La docente y dirigente institucional Lidia Cremona de Amarillo falleci\u00f3 este martes, a los 78 a\u00f1os.&nbsp;<\/p>\n\n\n\n<p>La informaci\u00f3n fue confirmada por la Uni\u00f3n de Educadores Bonaerenses de San Pedro, entidad gremial que condujo durante muchos a\u00f1os.&nbsp;<\/p>\n\n\n\n<p>\u00abLa C D de UEB San Pedro acompa\u00f1a en este doloroso momento a los hijos, nietos, familiares y amigos de quien fuera nuestra Secretaria General y miembro del Consejo Directivo de FEB, Sra. Lidia Cremona de Amarillo\u00bb expresaron desde el sindicato.<a><\/a><\/p>\n\n\n\n<p>\u00abNuestra entidad gremial despide con mucha tristeza a esta querida compa\u00f1era de tantos momentos compartidos, en defensa de la educaci\u00f3n p\u00fablica\u00bb agregaron.<\/p>\n\n\n\n<p>Lidia particip\u00f3, adem\u00e1s, de instituciones como la Cruz Roja Argentina filial San Pedro.&nbsp;<\/p>\n\n\n\n<p>Sus restos son velados en la sala 2 del centro de servicios sociales de COOPSER (3 de Febrero 1475), y ser\u00e1n inhumados en el parque Jard\u00edn del Molino, a las 17 horas.&nbsp;<\/p>\n","protected":false},"excerpt":{"rendered":"<p>La docente y dirigente institucional Lidia Cremona de Amarillo falleci\u00f3 este martes, a los 78 a\u00f1os.&nbsp; La informaci\u00f3n fue confirmada por la Uni\u00f3n de Educadores Bonaerenses de San Pedro, entidad gremial que condujo durante muchos a\u00f1os.&nbsp; \u00abLa C D de UEB San Pedro acompa\u00f1a en este doloroso momento a los hijos, nietos, familiares y amigos [&hellip;]<\/p>\n","protected":false},"author":4,"featured_media":124580,"comment_status":"closed","ping_status":"closed","sticky":false,"template":"","format":"standard","meta":{"om_disable_all_campaigns":false,"_jetpack_memberships_contains_paid_content":false,"footnotes":""},"categories":[50,101,2],"tags":[4648],"class_list":["post-124579","post","type-post","status-publish","format-standard","has-post-thumbnail","hentry","category-destacadas","category-interes-general-locales","category-locales","tag-fallecio-la-docente-y-dirigente-lidia-cremona-de-amarillo"],"aioseo_notices":[],"gutentor_comment":0,"jetpack_featured_media_url":"https:\/\/eldiariodesanpedro.com.ar\/sitio\/wp-content\/uploads\/2023\/12\/Lidia-Amarillo-.jpg","jetpack_shortlink":"https:\/\/wp.me\/p6RhLt-wpl","jetpack_sharing_enabled":true,"_links":{"self":[{"href":"https:\/\/eldiariodesanpedro.com.ar\/sitio\/wp-json\/wp\/v2\/posts\/124579","targetHints":{"allow":["GET"]}}],"collection":[{"href":"https:\/\/eldiariodesanpedro.com.ar\/sitio\/wp-json\/wp\/v2\/posts"}],"about":[{"href":"https:\/\/eldiariodesanpedro.com.ar\/sitio\/wp-json\/wp\/v2\/types\/post"}],"author":[{"embeddable":true,"href":"https:\/\/eldiariodesanpedro.com.ar\/sitio\/wp-json\/wp\/v2\/users\/4"}],"replies":[{"embeddable":true,"href":"https:\/\/eldiariodesanpedro.com.ar\/sitio\/wp-json\/wp\/v2\/comments?post=124579"}],"version-history":[{"count":1,"href":"https:\/\/eldiariodesanpedro.com.ar\/sitio\/wp-json\/wp\/v2\/posts\/124579\/revisions"}],"predecessor-version":[{"id":124581,"href":"https:\/\/eldiariodesanpedro.com.ar\/sitio\/wp-json\/wp\/v2\/posts\/124579\/revisions\/124581"}],"wp:featuredmedia":[{"embeddable":true,"href":"https:\/\/eldiariodesanpedro.com.ar\/sitio\/wp-json\/wp\/v2\/media\/124580"}],"wp:attachment":[{"href":"https:\/\/eldiariodesanpedro.com.ar\/sitio\/wp-json\/wp\/v2\/media?parent=124579"}],"wp:term":[{"taxonomy":"category","embeddable":true,"href":"https:\/\/eldiariodesanpedro.com.ar\/sitio\/wp-json\/wp\/v2\/categories?post=124579"},{"taxonomy":"post_tag","embeddable":true,"href":"https:\/\/eldiariodesanpedro.com.ar\/sitio\/wp-json\/wp\/v2\/tags?post=124579"}],"curies":[{"name":"wp","href":"https:\/\/api.w.org\/{rel}","templated":true}]}}