{"id":124571,"date":"2023-12-12T11:35:49","date_gmt":"2023-12-12T14:35:49","guid":{"rendered":"https:\/\/eldiariodesanpedro.com.ar\/sitio\/?p=124571"},"modified":"2023-12-12T11:35:51","modified_gmt":"2023-12-12T14:35:51","slug":"un-moto-choco-un-auto-estacionado-y-sus-dos-ocupantes-sufrieron-lesiones","status":"publish","type":"post","link":"https:\/\/eldiariodesanpedro.com.ar\/sitio\/un-moto-choco-un-auto-estacionado-y-sus-dos-ocupantes-sufrieron-lesiones\/","title":{"rendered":"Un moto choc\u00f3 un auto estacionado y sus dos ocupantes sufrieron lesiones"},"content":{"rendered":"<!-- VideographyWP Plugin Message: Automatic video embedding prevented by plugin options. -->\n\n<p>La noche de domingo estuvo marcada por una serie de incidentes viales en diferentes puntos de nuestra ciudad, movilizando a las autoridades tras recibir alertas al 911.\u00a0En primer lugar, en la intersecci\u00f3n de Almafuerte y Benito Urraco, y luego en Almafuerte y Libertad.<\/p>\n\n\n\n<p>Finalmente, en&nbsp;Almafuerte y Benito Urraco se registr\u00f3 un incidente vial que dej\u00f3 a dos j\u00f3venes hospitalizados.<\/p>\n\n\n\n<p>Un hombre de 21 a\u00f1os, al mando de una motocicleta Honda Biz 125cc y acompa\u00f1ado por otro individuo de 22 a\u00f1os, colision\u00f3 con un autom\u00f3vil marca Toyota Corolla perteneciente a un hombre de 81 a\u00f1os que se encontraba estacionado en el lugar mencionado.<\/p>\n\n\n\n<p>Como consecuencia del impacto, tanto el conductor como el acompa\u00f1ante de la motocicleta sufrieron lesiones de car\u00e1cter leve y fueron trasladados al nosocomio local para recibir atenci\u00f3n m\u00e9dica. La Unidad Fiscal de Instrucci\u00f3n N\u00famero 11 se encuentra a cargo de la investigaci\u00f3n de este caso.<\/p>\n\n\n\n<p>El propietario del veh\u00edculo estacionado, un hombre de 81 a\u00f1os, no result\u00f3 herido en el incidente.<\/p>\n","protected":false},"excerpt":{"rendered":"<p>La noche de domingo estuvo marcada por una serie de incidentes viales en diferentes puntos de nuestra ciudad, movilizando a las autoridades tras recibir alertas al 911.\u00a0En primer lugar, en la intersecci\u00f3n de Almafuerte y Benito Urraco, y luego en Almafuerte y Libertad. Finalmente, en&nbsp;Almafuerte y Benito Urraco se registr\u00f3 un incidente vial que dej\u00f3 [&hellip;]<\/p>\n","protected":false},"author":4,"featured_media":124572,"comment_status":"closed","ping_status":"closed","sticky":false,"template":"","format":"standard","meta":{"om_disable_all_campaigns":false,"_jetpack_memberships_contains_paid_content":false,"footnotes":""},"categories":[2,103],"tags":[197,33,95,19],"class_list":["post-124571","post","type-post","status-publish","format-standard","has-post-thumbnail","hentry","category-locales","category-policiales-locales","tag-buenos-aires","tag-locales","tag-policiales","tag-san-pedro"],"aioseo_notices":[],"gutentor_comment":0,"jetpack_featured_media_url":"https:\/\/eldiariodesanpedro.com.ar\/sitio\/wp-content\/uploads\/2023\/12\/Sin-titulo-1.jpg","jetpack_shortlink":"https:\/\/wp.me\/p6RhLt-wpd","jetpack_sharing_enabled":true,"_links":{"self":[{"href":"https:\/\/eldiariodesanpedro.com.ar\/sitio\/wp-json\/wp\/v2\/posts\/124571","targetHints":{"allow":["GET"]}}],"collection":[{"href":"https:\/\/eldiariodesanpedro.com.ar\/sitio\/wp-json\/wp\/v2\/posts"}],"about":[{"href":"https:\/\/eldiariodesanpedro.com.ar\/sitio\/wp-json\/wp\/v2\/types\/post"}],"author":[{"embeddable":true,"href":"https:\/\/eldiariodesanpedro.com.ar\/sitio\/wp-json\/wp\/v2\/users\/4"}],"replies":[{"embeddable":true,"href":"https:\/\/eldiariodesanpedro.com.ar\/sitio\/wp-json\/wp\/v2\/comments?post=124571"}],"version-history":[{"count":1,"href":"https:\/\/eldiariodesanpedro.com.ar\/sitio\/wp-json\/wp\/v2\/posts\/124571\/revisions"}],"predecessor-version":[{"id":124573,"href":"https:\/\/eldiariodesanpedro.com.ar\/sitio\/wp-json\/wp\/v2\/posts\/124571\/revisions\/124573"}],"wp:featuredmedia":[{"embeddable":true,"href":"https:\/\/eldiariodesanpedro.com.ar\/sitio\/wp-json\/wp\/v2\/media\/124572"}],"wp:attachment":[{"href":"https:\/\/eldiariodesanpedro.com.ar\/sitio\/wp-json\/wp\/v2\/media?parent=124571"}],"wp:term":[{"taxonomy":"category","embeddable":true,"href":"https:\/\/eldiariodesanpedro.com.ar\/sitio\/wp-json\/wp\/v2\/categories?post=124571"},{"taxonomy":"post_tag","embeddable":true,"href":"https:\/\/eldiariodesanpedro.com.ar\/sitio\/wp-json\/wp\/v2\/tags?post=124571"}],"curies":[{"name":"wp","href":"https:\/\/api.w.org\/{rel}","templated":true}]}}