{"id":124568,"date":"2023-12-12T11:31:43","date_gmt":"2023-12-12T14:31:43","guid":{"rendered":"https:\/\/eldiariodesanpedro.com.ar\/sitio\/?p=124568"},"modified":"2023-12-12T11:31:46","modified_gmt":"2023-12-12T14:31:46","slug":"choque-de-dos-motocicletas-una-de-ella-se-dio-a-la-fuga","status":"publish","type":"post","link":"https:\/\/eldiariodesanpedro.com.ar\/sitio\/choque-de-dos-motocicletas-una-de-ella-se-dio-a-la-fuga\/","title":{"rendered":"Choque de dos motocicletas una de ella se dio a la fuga"},"content":{"rendered":"<!-- VideographyWP Plugin Message: Automatic video embedding prevented by plugin options. -->\n\n<p>En la ma\u00f1ana de ayer, en la intersecci\u00f3n de las calles Ituzaingo y Bv Moreno, se registr\u00f3 un choque entre dos motocicletas, dando lugar a la intervenci\u00f3n de los servicios de emergencia y la posterior derivaci\u00f3n de una de las involucradas a un nosocomio local.<\/p>\n\n\n\n<p>Las circunstancias exactas que llevaron a la colisi\u00f3n est\u00e1n siendo investigadas, pero seg\u00fan informes preliminares, dos motocicletas se vieron involucradas en el incidente. Una de las mujeres que conduc\u00eda una de las motocicletas fue trasladada por el SAME hacia el hospital local, donde se determin\u00f3 que las lesiones sufridas eran de car\u00e1cter leve.<\/p>\n","protected":false},"excerpt":{"rendered":"<p>En la ma\u00f1ana de ayer, en la intersecci\u00f3n de las calles Ituzaingo y Bv Moreno, se registr\u00f3 un choque entre dos motocicletas, dando lugar a la intervenci\u00f3n de los servicios de emergencia y la posterior derivaci\u00f3n de una de las involucradas a un nosocomio local. Las circunstancias exactas que llevaron a la colisi\u00f3n est\u00e1n siendo [&hellip;]<\/p>\n","protected":false},"author":4,"featured_media":124569,"comment_status":"closed","ping_status":"closed","sticky":false,"template":"","format":"standard","meta":{"om_disable_all_campaigns":false,"_jetpack_memberships_contains_paid_content":false,"footnotes":""},"categories":[2,103],"tags":[197,33,95,19],"class_list":["post-124568","post","type-post","status-publish","format-standard","has-post-thumbnail","hentry","category-locales","category-policiales-locales","tag-buenos-aires","tag-locales","tag-policiales","tag-san-pedro"],"aioseo_notices":[],"gutentor_comment":0,"jetpack_featured_media_url":"https:\/\/eldiariodesanpedro.com.ar\/sitio\/wp-content\/uploads\/2023\/12\/moto-accidente.jpg","jetpack_shortlink":"https:\/\/wp.me\/p6RhLt-wpa","jetpack_sharing_enabled":true,"_links":{"self":[{"href":"https:\/\/eldiariodesanpedro.com.ar\/sitio\/wp-json\/wp\/v2\/posts\/124568","targetHints":{"allow":["GET"]}}],"collection":[{"href":"https:\/\/eldiariodesanpedro.com.ar\/sitio\/wp-json\/wp\/v2\/posts"}],"about":[{"href":"https:\/\/eldiariodesanpedro.com.ar\/sitio\/wp-json\/wp\/v2\/types\/post"}],"author":[{"embeddable":true,"href":"https:\/\/eldiariodesanpedro.com.ar\/sitio\/wp-json\/wp\/v2\/users\/4"}],"replies":[{"embeddable":true,"href":"https:\/\/eldiariodesanpedro.com.ar\/sitio\/wp-json\/wp\/v2\/comments?post=124568"}],"version-history":[{"count":1,"href":"https:\/\/eldiariodesanpedro.com.ar\/sitio\/wp-json\/wp\/v2\/posts\/124568\/revisions"}],"predecessor-version":[{"id":124570,"href":"https:\/\/eldiariodesanpedro.com.ar\/sitio\/wp-json\/wp\/v2\/posts\/124568\/revisions\/124570"}],"wp:featuredmedia":[{"embeddable":true,"href":"https:\/\/eldiariodesanpedro.com.ar\/sitio\/wp-json\/wp\/v2\/media\/124569"}],"wp:attachment":[{"href":"https:\/\/eldiariodesanpedro.com.ar\/sitio\/wp-json\/wp\/v2\/media?parent=124568"}],"wp:term":[{"taxonomy":"category","embeddable":true,"href":"https:\/\/eldiariodesanpedro.com.ar\/sitio\/wp-json\/wp\/v2\/categories?post=124568"},{"taxonomy":"post_tag","embeddable":true,"href":"https:\/\/eldiariodesanpedro.com.ar\/sitio\/wp-json\/wp\/v2\/tags?post=124568"}],"curies":[{"name":"wp","href":"https:\/\/api.w.org\/{rel}","templated":true}]}}