{"id":124565,"date":"2023-12-12T11:22:26","date_gmt":"2023-12-12T14:22:26","guid":{"rendered":"https:\/\/eldiariodesanpedro.com.ar\/sitio\/?p=124565"},"modified":"2023-12-12T11:22:29","modified_gmt":"2023-12-12T14:22:29","slug":"un-empleado-de-antares-fue-agredido-por-dos-personas","status":"publish","type":"post","link":"https:\/\/eldiariodesanpedro.com.ar\/sitio\/un-empleado-de-antares-fue-agredido-por-dos-personas\/","title":{"rendered":"Un empleado de Antares fue agredido por dos personas"},"content":{"rendered":"<!-- VideographyWP Plugin Message: Automatic video embedding prevented by plugin options. -->\n\n<p>En el d\u00eda de hoy, el personal policial respondi\u00f3 a una llamada al 911 que alertaba sobre un incidente en la intersecci\u00f3n de las calles Pellegrini y Las Heras. En el lugar, se procedi\u00f3 a la aprehensi\u00f3n de dos hombres mayores de edad, quienes, tras la presencia policial, agredieron a un empleado del resto-bar Antares y resistieron la identificaci\u00f3n por parte de las autoridades.<\/p>\n\n\n\n<p>El empleado del establecimiento result\u00f3 con lesiones de car\u00e1cter leve como consecuencia de la agresi\u00f3n. Inmediatamente despu\u00e9s del incidente, la Unidad Fiscal de Instrucci\u00f3n N\u00famero 11 fue informada sobre el caso y dispuso que los individuos aprehendidos permanezcan alojados en la dependencia policial.<\/p>\n\n\n\n<p>Las autoridades est\u00e1n llevando a cabo las investigaciones correspondientes para esclarecer las circunstancias que llevaron a esta agresi\u00f3n y determinar las posibles motivaciones detr\u00e1s del incidente.<\/p>\n","protected":false},"excerpt":{"rendered":"<p>En el d\u00eda de hoy, el personal policial respondi\u00f3 a una llamada al 911 que alertaba sobre un incidente en la intersecci\u00f3n de las calles Pellegrini y Las Heras. En el lugar, se procedi\u00f3 a la aprehensi\u00f3n de dos hombres mayores de edad, quienes, tras la presencia policial, agredieron a un empleado del resto-bar Antares [&hellip;]<\/p>\n","protected":false},"author":4,"featured_media":124566,"comment_status":"closed","ping_status":"closed","sticky":false,"template":"","format":"standard","meta":{"om_disable_all_campaigns":false,"_jetpack_memberships_contains_paid_content":false,"footnotes":""},"categories":[50,2,103],"tags":[197,33,95,19],"class_list":["post-124565","post","type-post","status-publish","format-standard","has-post-thumbnail","hentry","category-destacadas","category-locales","category-policiales-locales","tag-buenos-aires","tag-locales","tag-policiales","tag-san-pedro"],"aioseo_notices":[],"gutentor_comment":0,"jetpack_featured_media_url":"https:\/\/eldiariodesanpedro.com.ar\/sitio\/wp-content\/uploads\/2023\/12\/detenidos-agresion.jpg","jetpack_shortlink":"https:\/\/wp.me\/p6RhLt-wp7","jetpack_sharing_enabled":true,"_links":{"self":[{"href":"https:\/\/eldiariodesanpedro.com.ar\/sitio\/wp-json\/wp\/v2\/posts\/124565","targetHints":{"allow":["GET"]}}],"collection":[{"href":"https:\/\/eldiariodesanpedro.com.ar\/sitio\/wp-json\/wp\/v2\/posts"}],"about":[{"href":"https:\/\/eldiariodesanpedro.com.ar\/sitio\/wp-json\/wp\/v2\/types\/post"}],"author":[{"embeddable":true,"href":"https:\/\/eldiariodesanpedro.com.ar\/sitio\/wp-json\/wp\/v2\/users\/4"}],"replies":[{"embeddable":true,"href":"https:\/\/eldiariodesanpedro.com.ar\/sitio\/wp-json\/wp\/v2\/comments?post=124565"}],"version-history":[{"count":1,"href":"https:\/\/eldiariodesanpedro.com.ar\/sitio\/wp-json\/wp\/v2\/posts\/124565\/revisions"}],"predecessor-version":[{"id":124567,"href":"https:\/\/eldiariodesanpedro.com.ar\/sitio\/wp-json\/wp\/v2\/posts\/124565\/revisions\/124567"}],"wp:featuredmedia":[{"embeddable":true,"href":"https:\/\/eldiariodesanpedro.com.ar\/sitio\/wp-json\/wp\/v2\/media\/124566"}],"wp:attachment":[{"href":"https:\/\/eldiariodesanpedro.com.ar\/sitio\/wp-json\/wp\/v2\/media?parent=124565"}],"wp:term":[{"taxonomy":"category","embeddable":true,"href":"https:\/\/eldiariodesanpedro.com.ar\/sitio\/wp-json\/wp\/v2\/categories?post=124565"},{"taxonomy":"post_tag","embeddable":true,"href":"https:\/\/eldiariodesanpedro.com.ar\/sitio\/wp-json\/wp\/v2\/tags?post=124565"}],"curies":[{"name":"wp","href":"https:\/\/api.w.org\/{rel}","templated":true}]}}