{"id":124558,"date":"2023-12-12T10:52:50","date_gmt":"2023-12-12T13:52:50","guid":{"rendered":"https:\/\/eldiariodesanpedro.com.ar\/sitio\/?p=124558"},"modified":"2023-12-12T10:52:52","modified_gmt":"2023-12-12T13:52:52","slug":"legislacion-vigente-y-recomendaciones-para-estas-fiestas","status":"publish","type":"post","link":"https:\/\/eldiariodesanpedro.com.ar\/sitio\/legislacion-vigente-y-recomendaciones-para-estas-fiestas\/","title":{"rendered":"Legislaci\u00f3n vigente y recomendaciones para estas fiestas"},"content":{"rendered":"<!-- VideographyWP Plugin Message: Automatic video embedding prevented by plugin options. -->\n\n<p>La Municipalidad de San Pedro recuerda que est\u00e1n prohibidos el uso, tenencia, fabricaci\u00f3n, comercializaci\u00f3n, dep\u00f3sito y venta al p\u00fablico de elementos de pirotecnia.<\/p>\n\n\n\n<p>Es importante el compromiso de todos para evitar los efectos nocivos y peligrosos que implica la manipulaci\u00f3n de estos elementos. Adem\u00e1s del riesgo de accidentes, las explosiones afectan a personas con trastorno del espectro autista, a todos los animales y al medio ambiente en general.<\/p>\n\n\n\n<p>La venta est\u00e1 terminantemente prohibida. Vivamos estas fiestas respet\u00e1ndonos y cuid\u00e1ndonos, la compra es responsabilidad de cada ciudadano, m\u00e1s all\u00e1 de los controles.<\/p>\n","protected":false},"excerpt":{"rendered":"<p>La Municipalidad de San Pedro recuerda que est\u00e1n prohibidos el uso, tenencia, fabricaci\u00f3n, comercializaci\u00f3n, dep\u00f3sito y venta al p\u00fablico de elementos de pirotecnia. Es importante el compromiso de todos para evitar los efectos nocivos y peligrosos que implica la manipulaci\u00f3n de estos elementos. Adem\u00e1s del riesgo de accidentes, las explosiones afectan a personas con trastorno [&hellip;]<\/p>\n","protected":false},"author":4,"featured_media":124559,"comment_status":"closed","ping_status":"closed","sticky":false,"template":"","format":"standard","meta":{"om_disable_all_campaigns":false,"_jetpack_memberships_contains_paid_content":false,"footnotes":""},"categories":[50,101,2],"tags":[197,696,33,19],"class_list":["post-124558","post","type-post","status-publish","format-standard","has-post-thumbnail","hentry","category-destacadas","category-interes-general-locales","category-locales","tag-buenos-aires","tag-interes-general","tag-locales","tag-san-pedro"],"aioseo_notices":[],"gutentor_comment":0,"jetpack_featured_media_url":"https:\/\/eldiariodesanpedro.com.ar\/sitio\/wp-content\/uploads\/2023\/12\/medida-11.png","jetpack_shortlink":"https:\/\/wp.me\/p6RhLt-wp0","jetpack_sharing_enabled":true,"_links":{"self":[{"href":"https:\/\/eldiariodesanpedro.com.ar\/sitio\/wp-json\/wp\/v2\/posts\/124558","targetHints":{"allow":["GET"]}}],"collection":[{"href":"https:\/\/eldiariodesanpedro.com.ar\/sitio\/wp-json\/wp\/v2\/posts"}],"about":[{"href":"https:\/\/eldiariodesanpedro.com.ar\/sitio\/wp-json\/wp\/v2\/types\/post"}],"author":[{"embeddable":true,"href":"https:\/\/eldiariodesanpedro.com.ar\/sitio\/wp-json\/wp\/v2\/users\/4"}],"replies":[{"embeddable":true,"href":"https:\/\/eldiariodesanpedro.com.ar\/sitio\/wp-json\/wp\/v2\/comments?post=124558"}],"version-history":[{"count":1,"href":"https:\/\/eldiariodesanpedro.com.ar\/sitio\/wp-json\/wp\/v2\/posts\/124558\/revisions"}],"predecessor-version":[{"id":124560,"href":"https:\/\/eldiariodesanpedro.com.ar\/sitio\/wp-json\/wp\/v2\/posts\/124558\/revisions\/124560"}],"wp:featuredmedia":[{"embeddable":true,"href":"https:\/\/eldiariodesanpedro.com.ar\/sitio\/wp-json\/wp\/v2\/media\/124559"}],"wp:attachment":[{"href":"https:\/\/eldiariodesanpedro.com.ar\/sitio\/wp-json\/wp\/v2\/media?parent=124558"}],"wp:term":[{"taxonomy":"category","embeddable":true,"href":"https:\/\/eldiariodesanpedro.com.ar\/sitio\/wp-json\/wp\/v2\/categories?post=124558"},{"taxonomy":"post_tag","embeddable":true,"href":"https:\/\/eldiariodesanpedro.com.ar\/sitio\/wp-json\/wp\/v2\/tags?post=124558"}],"curies":[{"name":"wp","href":"https:\/\/api.w.org\/{rel}","templated":true}]}}