{"id":124509,"date":"2023-12-11T16:25:29","date_gmt":"2023-12-11T19:25:29","guid":{"rendered":"https:\/\/eldiariodesanpedro.com.ar\/sitio\/?p=124509"},"modified":"2023-12-11T16:25:31","modified_gmt":"2023-12-11T19:25:31","slug":"juraron-los-nuevos-secretarios-del-gabinete-del-intendente-cecilio-salazar","status":"publish","type":"post","link":"https:\/\/eldiariodesanpedro.com.ar\/sitio\/juraron-los-nuevos-secretarios-del-gabinete-del-intendente-cecilio-salazar\/","title":{"rendered":"Juraron los nuevos secretarios del gabinete del Intendente Cecilio Salazar"},"content":{"rendered":"<!-- VideographyWP Plugin Message: Automatic video embedding prevented by plugin options. -->\n\n<p>Juraron en sus cargos Roberto Borgo como secretario de Econom\u00eda y Hacienda, Walter S\u00e1nchez como secretario de Desarrollo de la Comunidad, Ariel \u00c1lvarez como secretario de Desarrollo Econ\u00f3mico, Mar\u00eda de los \u00c1ngeles Vargas como secretaria de Salud, Mariano Bra\u00f1as como secretario de Obras y Servicios P\u00fablicos, Mariano Arnal como secretario de Deportes, Cultura, Turismo y Educaci\u00f3n, Luciano Arias como secretario de Coordinaci\u00f3n y Modernizaci\u00f3n, Mart\u00edn Baraybar como secretario de Gobierno y Alfredo Carrasco como secretario de Jefatura de Gabinete.<\/p>\n\n\n\n<p>El Intendente Cecilio Salazar felicit\u00f3 a los nuevos funcionarios designados, agradeci\u00f3 a quienes han formado parte del equipo hasta hoy tras la reestructuraci\u00f3n concretada para generar las condiciones necesarias para afrontar la situaci\u00f3n econ\u00f3mica que requerir\u00e1 un ahorro importante para poder mantener los servicios fundamentales e ir proyectando el corto y largo plazo con sustentabilidad.<\/p>\n\n\n\n<p>Antes de viajar a la asunci\u00f3n del Gobernador Axel Kicillof en la ciudad de La Plata, el Intendente Salazar comparti\u00f3 sus expectativas para el futuro, subrayando su compromiso inquebrantable con la ciudad de San Pedro y sus habitantes. Haciendo hincapi\u00e9 en la necesidad de unidad y colaboraci\u00f3n, el Intendente dese\u00f3 \u00e9xitos a los nuevos secretarios, destacando la importancia de su compromiso total con la comunidad.<\/p>\n\n\n\n<p>La jornada concluy\u00f3 con un reconocimiento especial a los empleados municipales que han contribuido en los \u00faltimos ocho a\u00f1os, subrayando su valioso aporte a la gesti\u00f3n local.<\/p>\n\n\n\n<p>Con estos cambios en la nueva conformaci\u00f3n del gobierno, hay \u00e1reas como Subsecretar\u00edas o Direcciones que pasan a formar parte de las Secretar\u00edas presentadas, de este modo la Municipalidad de San Pedro se prepara para abordar los desaf\u00edos futuros, trabajando en conjunto para el bienestar de las y los sampedrinos.<\/p>\n","protected":false},"excerpt":{"rendered":"<p>Juraron en sus cargos Roberto Borgo como secretario de Econom\u00eda y Hacienda, Walter S\u00e1nchez como secretario de Desarrollo de la Comunidad, Ariel \u00c1lvarez como secretario de Desarrollo Econ\u00f3mico, Mar\u00eda de los \u00c1ngeles Vargas como secretaria de Salud, Mariano Bra\u00f1as como secretario de Obras y Servicios P\u00fablicos, Mariano Arnal como secretario de Deportes, Cultura, Turismo y [&hellip;]<\/p>\n","protected":false},"author":4,"featured_media":124546,"comment_status":"closed","ping_status":"closed","sticky":false,"template":"","format":"standard","meta":{"om_disable_all_campaigns":false,"_jetpack_memberships_contains_paid_content":false,"footnotes":""},"categories":[50,101,2],"tags":[197,696,33,19],"class_list":["post-124509","post","type-post","status-publish","format-standard","has-post-thumbnail","hentry","category-destacadas","category-interes-general-locales","category-locales","tag-buenos-aires","tag-interes-general","tag-locales","tag-san-pedro"],"aioseo_notices":[],"gutentor_comment":0,"jetpack_featured_media_url":"https:\/\/eldiariodesanpedro.com.ar\/sitio\/wp-content\/uploads\/2023\/12\/Imagen-de-WhatsApp-2023-12-11-a-las-11.54.17_a4571a9c.jpg","jetpack_shortlink":"https:\/\/wp.me\/p6RhLt-wod","jetpack_sharing_enabled":true,"_links":{"self":[{"href":"https:\/\/eldiariodesanpedro.com.ar\/sitio\/wp-json\/wp\/v2\/posts\/124509","targetHints":{"allow":["GET"]}}],"collection":[{"href":"https:\/\/eldiariodesanpedro.com.ar\/sitio\/wp-json\/wp\/v2\/posts"}],"about":[{"href":"https:\/\/eldiariodesanpedro.com.ar\/sitio\/wp-json\/wp\/v2\/types\/post"}],"author":[{"embeddable":true,"href":"https:\/\/eldiariodesanpedro.com.ar\/sitio\/wp-json\/wp\/v2\/users\/4"}],"replies":[{"embeddable":true,"href":"https:\/\/eldiariodesanpedro.com.ar\/sitio\/wp-json\/wp\/v2\/comments?post=124509"}],"version-history":[{"count":1,"href":"https:\/\/eldiariodesanpedro.com.ar\/sitio\/wp-json\/wp\/v2\/posts\/124509\/revisions"}],"predecessor-version":[{"id":124557,"href":"https:\/\/eldiariodesanpedro.com.ar\/sitio\/wp-json\/wp\/v2\/posts\/124509\/revisions\/124557"}],"wp:featuredmedia":[{"embeddable":true,"href":"https:\/\/eldiariodesanpedro.com.ar\/sitio\/wp-json\/wp\/v2\/media\/124546"}],"wp:attachment":[{"href":"https:\/\/eldiariodesanpedro.com.ar\/sitio\/wp-json\/wp\/v2\/media?parent=124509"}],"wp:term":[{"taxonomy":"category","embeddable":true,"href":"https:\/\/eldiariodesanpedro.com.ar\/sitio\/wp-json\/wp\/v2\/categories?post=124509"},{"taxonomy":"post_tag","embeddable":true,"href":"https:\/\/eldiariodesanpedro.com.ar\/sitio\/wp-json\/wp\/v2\/tags?post=124509"}],"curies":[{"name":"wp","href":"https:\/\/api.w.org\/{rel}","templated":true}]}}