{"id":124498,"date":"2023-12-09T23:05:13","date_gmt":"2023-12-10T02:05:13","guid":{"rendered":"https:\/\/eldiariodesanpedro.com.ar\/sitio\/?p=124498"},"modified":"2023-12-09T23:05:15","modified_gmt":"2023-12-10T02:05:15","slug":"cecilio-salazar-juro-como-intendente-municipal-para-el-periodo-2023-2027","status":"publish","type":"post","link":"https:\/\/eldiariodesanpedro.com.ar\/sitio\/cecilio-salazar-juro-como-intendente-municipal-para-el-periodo-2023-2027\/","title":{"rendered":"Cecilio Salazar jur\u00f3 como Intendente Municipal para el periodo 2023-2027"},"content":{"rendered":"<!-- VideographyWP Plugin Message: Automatic video embedding prevented by plugin options. -->\n\n<p>Frente al Palacio Municipal y en el d\u00eda de su cumplea\u00f1os, el Intendente Cecilio Salazar jur\u00f3 por su tercer mandato al frente del gobierno local.La ceremonia fue posterior a la sesi\u00f3n, tambi\u00e9n desarrollada sobre calle Pellegrini, en la que cumplieron con su juramento los nuevos concejales y consejeros escolares, consagrados en las elecciones del 22 de octubre.<\/p>\n\n\n\n<p>Acompa\u00f1ado de integrantes de su equipo, familiares, dirigentes institucionales, amigos, militantes y vecinos que se acercaron a presenciar este momento hist\u00f3rico, Cecilio Salazar jur\u00f3 por Dios, por la Patria y los Santos Evangelios cumplir con lealtad y patriotismo el cargo para el que result\u00f3 electo, y que marca su tercer per\u00edodo desde el 2015.En su mensaje agradeci\u00f3 emocionado a su familia y quienes han estado siempre cerca en todos estos a\u00f1os y especialmente en esta \u00faltima etapa. Durante el acto tambi\u00e9n distingui\u00f3 a la Presidente del HCD M\u00f3nica Otero quien ha cumplido su tercer mandato en ese cargo y que viene acompa\u00f1\u00e1ndolo desde los inicios del Partido FE y del inicio de esta etapa pol\u00edtica. El Intendente reconoci\u00f3 la lealtad y la experiencia de M\u00f3nica Otero que continuar\u00e1 como concejal despu\u00e9s de haber participado de la lista con la que Uni\u00f3n por la Patria gan\u00f3 las elecciones locales.<\/p>\n\n\n\n<p>Con un diagn\u00f3stico sincero sobre la complejidad del momento que transita el pa\u00eds destac\u00f3 el optimismo y la voluntad de trabajar con firmeza, cada d\u00eda, para que en San Pedro se mantengan todos los servicios esenciales y se logren continuar las obras y proyectos para los que se viene trabajando.En la v\u00edspera de la fecha en la que se cumplen 40 a\u00f1os del regreso de la Democracia se\u00f1al\u00f3 \u201cuno de los principales desaf\u00edos que enfrentamos es la estabilidad econ\u00f3mica, en el camino para salir de esta crisis casi permanente que queremos dejar atr\u00e1s.  Ante esta situaci\u00f3n, la austeridad no es una opci\u00f3n, sino una obligaci\u00f3n\u201d expres\u00f3. Anticip\u00f3 que con el equipo que lo acompa\u00f1ar\u00e1  (los secretarios jurar\u00e1n este lunes), se est\u00e1 impulsando una reevaluaci\u00f3n profunda para establecer prioridades. A los nuevos concejales les pidi\u00f3 que acompa\u00f1en en el debate y la b\u00fasqueda de consensos para trabajar juntos, como debe ser.En el final se\u00f1al\u00f3: \u201cMi compromiso con ustedes es inquebrantable. Mis decisiones a lo largo de todos estos a\u00f1os siempre han buscado lo mejor para cada familia, y ese continuar\u00e1 siendo mi horizonte. Le pido a Dios que gu\u00ede el camino de nuestro presidente, de nuestro gobernador y el de todos nosotros, para que ese San Pedro en el que estamos orgullosos de vivir camine hacia el futuro con esperanza, concretando lo que nosotros y las generaciones que vienen se merecen.\u201d<\/p>\n\n\n\n<figure class=\"wp-block-image size-full\"><img decoding=\"async\" width=\"946\" height=\"630\" data-attachment-id=\"124504\" data-permalink=\"https:\/\/eldiariodesanpedro.com.ar\/sitio\/cecilio-salazar-juro-como-intendente-municipal-para-el-periodo-2023-2027\/img-20231209-wa0063\/\" data-orig-file=\"https:\/\/eldiariodesanpedro.com.ar\/sitio\/wp-content\/uploads\/2023\/12\/IMG-20231209-WA0063.jpg\" data-orig-size=\"946,630\" data-comments-opened=\"0\" data-image-meta=\"{&quot;aperture&quot;:&quot;0&quot;,&quot;credit&quot;:&quot;&quot;,&quot;camera&quot;:&quot;&quot;,&quot;caption&quot;:&quot;&quot;,&quot;created_timestamp&quot;:&quot;0&quot;,&quot;copyright&quot;:&quot;&quot;,&quot;focal_length&quot;:&quot;0&quot;,&quot;iso&quot;:&quot;0&quot;,&quot;shutter_speed&quot;:&quot;0&quot;,&quot;title&quot;:&quot;&quot;,&quot;orientation&quot;:&quot;0&quot;}\" data-image-title=\"IMG-20231209-WA0063\" data-image-description=\"\" data-image-caption=\"\" data-large-file=\"https:\/\/eldiariodesanpedro.com.ar\/sitio\/wp-content\/uploads\/2023\/12\/IMG-20231209-WA0063.jpg\" data-src=\"https:\/\/eldiariodesanpedro.com.ar\/sitio\/wp-content\/uploads\/2023\/12\/IMG-20231209-WA0063.jpg\" alt=\"\" class=\"wp-image-124504 lazyload\" data-srcset=\"https:\/\/eldiariodesanpedro.com.ar\/sitio\/wp-content\/uploads\/2023\/12\/IMG-20231209-WA0063.jpg 946w, https:\/\/eldiariodesanpedro.com.ar\/sitio\/wp-content\/uploads\/2023\/12\/IMG-20231209-WA0063-300x200.jpg 300w, https:\/\/eldiariodesanpedro.com.ar\/sitio\/wp-content\/uploads\/2023\/12\/IMG-20231209-WA0063-768x511.jpg 768w\" data-sizes=\"(max-width: 946px) 100vw, 946px\" src=\"data:image\/svg+xml;base64,PHN2ZyB3aWR0aD0iMSIgaGVpZ2h0PSIxIiB4bWxucz0iaHR0cDovL3d3dy53My5vcmcvMjAwMC9zdmciPjwvc3ZnPg==\" style=\"--smush-placeholder-width: 946px; --smush-placeholder-aspect-ratio: 946\/630;\" \/><\/figure>\n\n\n\n<figure class=\"wp-block-image size-full is-resized\"><img decoding=\"async\" width=\"946\" height=\"630\" data-attachment-id=\"124501\" data-permalink=\"https:\/\/eldiariodesanpedro.com.ar\/sitio\/cecilio-salazar-juro-como-intendente-municipal-para-el-periodo-2023-2027\/img-20231209-wa0066\/\" data-orig-file=\"https:\/\/eldiariodesanpedro.com.ar\/sitio\/wp-content\/uploads\/2023\/12\/IMG-20231209-WA0066.jpg\" data-orig-size=\"946,630\" data-comments-opened=\"0\" data-image-meta=\"{&quot;aperture&quot;:&quot;0&quot;,&quot;credit&quot;:&quot;&quot;,&quot;camera&quot;:&quot;&quot;,&quot;caption&quot;:&quot;&quot;,&quot;created_timestamp&quot;:&quot;0&quot;,&quot;copyright&quot;:&quot;&quot;,&quot;focal_length&quot;:&quot;0&quot;,&quot;iso&quot;:&quot;0&quot;,&quot;shutter_speed&quot;:&quot;0&quot;,&quot;title&quot;:&quot;&quot;,&quot;orientation&quot;:&quot;0&quot;}\" data-image-title=\"IMG-20231209-WA0066\" data-image-description=\"\" data-image-caption=\"\" data-large-file=\"https:\/\/eldiariodesanpedro.com.ar\/sitio\/wp-content\/uploads\/2023\/12\/IMG-20231209-WA0066.jpg\" data-src=\"https:\/\/eldiariodesanpedro.com.ar\/sitio\/wp-content\/uploads\/2023\/12\/IMG-20231209-WA0066.jpg\" alt=\"\" class=\"wp-image-124501 lazyload\" style=\"--smush-placeholder-width: 946px; --smush-placeholder-aspect-ratio: 946\/630;aspect-ratio:1.5015873015873016;width:284px;height:auto\" data-srcset=\"https:\/\/eldiariodesanpedro.com.ar\/sitio\/wp-content\/uploads\/2023\/12\/IMG-20231209-WA0066.jpg 946w, https:\/\/eldiariodesanpedro.com.ar\/sitio\/wp-content\/uploads\/2023\/12\/IMG-20231209-WA0066-300x200.jpg 300w, https:\/\/eldiariodesanpedro.com.ar\/sitio\/wp-content\/uploads\/2023\/12\/IMG-20231209-WA0066-768x511.jpg 768w\" data-sizes=\"(max-width: 946px) 100vw, 946px\" src=\"data:image\/svg+xml;base64,PHN2ZyB3aWR0aD0iMSIgaGVpZ2h0PSIxIiB4bWxucz0iaHR0cDovL3d3dy53My5vcmcvMjAwMC9zdmciPjwvc3ZnPg==\" \/><\/figure>\n\n\n\n<figure class=\"wp-block-image size-full\"><img decoding=\"async\" width=\"946\" height=\"630\" data-attachment-id=\"124501\" data-permalink=\"https:\/\/eldiariodesanpedro.com.ar\/sitio\/cecilio-salazar-juro-como-intendente-municipal-para-el-periodo-2023-2027\/img-20231209-wa0066\/\" data-orig-file=\"https:\/\/eldiariodesanpedro.com.ar\/sitio\/wp-content\/uploads\/2023\/12\/IMG-20231209-WA0066.jpg\" data-orig-size=\"946,630\" data-comments-opened=\"0\" data-image-meta=\"{&quot;aperture&quot;:&quot;0&quot;,&quot;credit&quot;:&quot;&quot;,&quot;camera&quot;:&quot;&quot;,&quot;caption&quot;:&quot;&quot;,&quot;created_timestamp&quot;:&quot;0&quot;,&quot;copyright&quot;:&quot;&quot;,&quot;focal_length&quot;:&quot;0&quot;,&quot;iso&quot;:&quot;0&quot;,&quot;shutter_speed&quot;:&quot;0&quot;,&quot;title&quot;:&quot;&quot;,&quot;orientation&quot;:&quot;0&quot;}\" data-image-title=\"IMG-20231209-WA0066\" data-image-description=\"\" data-image-caption=\"\" data-large-file=\"https:\/\/eldiariodesanpedro.com.ar\/sitio\/wp-content\/uploads\/2023\/12\/IMG-20231209-WA0066.jpg\" data-src=\"https:\/\/eldiariodesanpedro.com.ar\/sitio\/wp-content\/uploads\/2023\/12\/IMG-20231209-WA0066.jpg\" alt=\"\" class=\"wp-image-124501 lazyload\" data-srcset=\"https:\/\/eldiariodesanpedro.com.ar\/sitio\/wp-content\/uploads\/2023\/12\/IMG-20231209-WA0066.jpg 946w, https:\/\/eldiariodesanpedro.com.ar\/sitio\/wp-content\/uploads\/2023\/12\/IMG-20231209-WA0066-300x200.jpg 300w, https:\/\/eldiariodesanpedro.com.ar\/sitio\/wp-content\/uploads\/2023\/12\/IMG-20231209-WA0066-768x511.jpg 768w\" data-sizes=\"(max-width: 946px) 100vw, 946px\" src=\"data:image\/svg+xml;base64,PHN2ZyB3aWR0aD0iMSIgaGVpZ2h0PSIxIiB4bWxucz0iaHR0cDovL3d3dy53My5vcmcvMjAwMC9zdmciPjwvc3ZnPg==\" style=\"--smush-placeholder-width: 946px; --smush-placeholder-aspect-ratio: 946\/630;\" \/><\/figure>\n","protected":false},"excerpt":{"rendered":"<p>Frente al Palacio Municipal y en el d\u00eda de su cumplea\u00f1os, el Intendente Cecilio Salazar jur\u00f3 por su tercer mandato al frente del gobierno local.La ceremonia fue posterior a la sesi\u00f3n, tambi\u00e9n desarrollada sobre calle Pellegrini, en la que cumplieron con su juramento los nuevos concejales y consejeros escolares, consagrados en las elecciones del 22 [&hellip;]<\/p>\n","protected":false},"author":4,"featured_media":124505,"comment_status":"closed","ping_status":"closed","sticky":false,"template":"","format":"standard","meta":{"om_disable_all_campaigns":false,"_jetpack_memberships_contains_paid_content":false,"footnotes":""},"categories":[50,101,2],"tags":[197,696,33,19],"class_list":["post-124498","post","type-post","status-publish","format-standard","has-post-thumbnail","hentry","category-destacadas","category-interes-general-locales","category-locales","tag-buenos-aires","tag-interes-general","tag-locales","tag-san-pedro"],"aioseo_notices":[],"gutentor_comment":0,"jetpack_featured_media_url":"https:\/\/eldiariodesanpedro.com.ar\/sitio\/wp-content\/uploads\/2023\/12\/IMG-20231209-WA0062.jpg","jetpack_shortlink":"https:\/\/wp.me\/p6RhLt-wo2","jetpack_sharing_enabled":true,"_links":{"self":[{"href":"https:\/\/eldiariodesanpedro.com.ar\/sitio\/wp-json\/wp\/v2\/posts\/124498","targetHints":{"allow":["GET"]}}],"collection":[{"href":"https:\/\/eldiariodesanpedro.com.ar\/sitio\/wp-json\/wp\/v2\/posts"}],"about":[{"href":"https:\/\/eldiariodesanpedro.com.ar\/sitio\/wp-json\/wp\/v2\/types\/post"}],"author":[{"embeddable":true,"href":"https:\/\/eldiariodesanpedro.com.ar\/sitio\/wp-json\/wp\/v2\/users\/4"}],"replies":[{"embeddable":true,"href":"https:\/\/eldiariodesanpedro.com.ar\/sitio\/wp-json\/wp\/v2\/comments?post=124498"}],"version-history":[{"count":1,"href":"https:\/\/eldiariodesanpedro.com.ar\/sitio\/wp-json\/wp\/v2\/posts\/124498\/revisions"}],"predecessor-version":[{"id":124506,"href":"https:\/\/eldiariodesanpedro.com.ar\/sitio\/wp-json\/wp\/v2\/posts\/124498\/revisions\/124506"}],"wp:featuredmedia":[{"embeddable":true,"href":"https:\/\/eldiariodesanpedro.com.ar\/sitio\/wp-json\/wp\/v2\/media\/124505"}],"wp:attachment":[{"href":"https:\/\/eldiariodesanpedro.com.ar\/sitio\/wp-json\/wp\/v2\/media?parent=124498"}],"wp:term":[{"taxonomy":"category","embeddable":true,"href":"https:\/\/eldiariodesanpedro.com.ar\/sitio\/wp-json\/wp\/v2\/categories?post=124498"},{"taxonomy":"post_tag","embeddable":true,"href":"https:\/\/eldiariodesanpedro.com.ar\/sitio\/wp-json\/wp\/v2\/tags?post=124498"}],"curies":[{"name":"wp","href":"https:\/\/api.w.org\/{rel}","templated":true}]}}