{"id":124490,"date":"2023-12-07T22:14:20","date_gmt":"2023-12-08T01:14:20","guid":{"rendered":"https:\/\/eldiariodesanpedro.com.ar\/sitio\/?p=124490"},"modified":"2023-12-07T22:14:22","modified_gmt":"2023-12-08T01:14:22","slug":"edicto-de-sucesion-de-rivas-orlando-pedro","status":"publish","type":"post","link":"https:\/\/eldiariodesanpedro.com.ar\/sitio\/edicto-de-sucesion-de-rivas-orlando-pedro\/","title":{"rendered":"Edicto de sucesi\u00f3n de Rivas Orlando Pedro"},"content":{"rendered":"<!-- VideographyWP Plugin Message: Automatic video embedding prevented by plugin options. -->\n\n<p>El juzgado de Paz Letrado, Secretar\u00eda \u00danica, de la ciudad de San Pedro, Provincia de Buenos Aires, cita y emplaza por treinta d\u00edas a todos los que se consideren con derechos a los bienes dejados por Don <strong>Rivas, Orlando Pedro<\/strong>.- San Pedro, 28 de noviembre de 2023.-<\/p>\n\n\n\n<p>FACUNDO VELL\u00d3N<br>ABOGADO SECRETARIO<\/p>\n\n\n\n<p>(Publicaci\u00f3n V\u00e1lida los d\u00edas 07, 08 y 09 de diciembre de 2023)<br><a href=\"https:\/\/notificaciones.scba.gov.ar\/verificarnotificacion.aspx?codNotif=UF9JA4\">https:\/\/notificaciones.scba.gov.ar\/verificarnotificacion.aspx?codNotif=UF9JA4<\/a><\/p>\n","protected":false},"excerpt":{"rendered":"<p>El juzgado de Paz Letrado, Secretar\u00eda \u00danica, de la ciudad de San Pedro, Provincia de Buenos Aires, cita y emplaza por treinta d\u00edas a todos los que se consideren con derechos a los bienes dejados por Don Rivas, Orlando Pedro.- San Pedro, 28 de noviembre de 2023.- FACUNDO VELL\u00d3NABOGADO SECRETARIO (Publicaci\u00f3n V\u00e1lida los d\u00edas 07, [&hellip;]<\/p>\n","protected":false},"author":4,"featured_media":0,"comment_status":"closed","ping_status":"closed","sticky":false,"template":"","format":"standard","meta":{"om_disable_all_campaigns":false,"_jetpack_memberships_contains_paid_content":false,"footnotes":""},"categories":[676,677],"tags":[],"class_list":["post-124490","post","type-post","status-publish","format-standard","hentry","category-edictos","category-edictos-sucesorios"],"aioseo_notices":[],"gutentor_comment":0,"jetpack_featured_media_url":"","jetpack_shortlink":"https:\/\/wp.me\/p6RhLt-wnU","jetpack_sharing_enabled":true,"_links":{"self":[{"href":"https:\/\/eldiariodesanpedro.com.ar\/sitio\/wp-json\/wp\/v2\/posts\/124490","targetHints":{"allow":["GET"]}}],"collection":[{"href":"https:\/\/eldiariodesanpedro.com.ar\/sitio\/wp-json\/wp\/v2\/posts"}],"about":[{"href":"https:\/\/eldiariodesanpedro.com.ar\/sitio\/wp-json\/wp\/v2\/types\/post"}],"author":[{"embeddable":true,"href":"https:\/\/eldiariodesanpedro.com.ar\/sitio\/wp-json\/wp\/v2\/users\/4"}],"replies":[{"embeddable":true,"href":"https:\/\/eldiariodesanpedro.com.ar\/sitio\/wp-json\/wp\/v2\/comments?post=124490"}],"version-history":[{"count":1,"href":"https:\/\/eldiariodesanpedro.com.ar\/sitio\/wp-json\/wp\/v2\/posts\/124490\/revisions"}],"predecessor-version":[{"id":124491,"href":"https:\/\/eldiariodesanpedro.com.ar\/sitio\/wp-json\/wp\/v2\/posts\/124490\/revisions\/124491"}],"wp:attachment":[{"href":"https:\/\/eldiariodesanpedro.com.ar\/sitio\/wp-json\/wp\/v2\/media?parent=124490"}],"wp:term":[{"taxonomy":"category","embeddable":true,"href":"https:\/\/eldiariodesanpedro.com.ar\/sitio\/wp-json\/wp\/v2\/categories?post=124490"},{"taxonomy":"post_tag","embeddable":true,"href":"https:\/\/eldiariodesanpedro.com.ar\/sitio\/wp-json\/wp\/v2\/tags?post=124490"}],"curies":[{"name":"wp","href":"https:\/\/api.w.org\/{rel}","templated":true}]}}