{"id":124481,"date":"2023-12-07T15:47:58","date_gmt":"2023-12-07T18:47:58","guid":{"rendered":"https:\/\/eldiariodesanpedro.com.ar\/sitio\/?p=124481"},"modified":"2023-12-07T15:48:00","modified_gmt":"2023-12-07T18:48:00","slug":"aprehension-de-un-menor-por-robo-en-calle-mitre-al-1400","status":"publish","type":"post","link":"https:\/\/eldiariodesanpedro.com.ar\/sitio\/aprehension-de-un-menor-por-robo-en-calle-mitre-al-1400\/","title":{"rendered":"Aprehensi\u00f3n de un menor por robo en calle Mitre al 1400"},"content":{"rendered":"<!-- VideographyWP Plugin Message: Automatic video embedding prevented by plugin options. -->\n\n<p> En el d\u00eda de ayer, durante la noche, personal policial de esta dependencia llev\u00f3 a cabo la aprehensi\u00f3n de un individuo de 14 a\u00f1os. Este joven intent\u00f3 escapar del lugar con una motocicleta de la marca Motomel 110, que pertenece a una mujer de 45 a\u00f1os. Vecinos retuvieron al menor hasta la llegada del m\u00f3vil policial, mientras que su c\u00f3mplice logr\u00f3 huir con la motocicleta. El menor fue notificado de la causa, que est\u00e1 siendo investigada por la fiscal\u00eda juvenil de San Nicol\u00e1s, y posteriormente fue entregado a sus padres.<\/p>\n","protected":false},"excerpt":{"rendered":"<p>En el d\u00eda de ayer, durante la noche, personal policial de esta dependencia llev\u00f3 a cabo la aprehensi\u00f3n de un individuo de 14 a\u00f1os. Este joven intent\u00f3 escapar del lugar con una motocicleta de la marca Motomel 110, que pertenece a una mujer de 45 a\u00f1os. Vecinos retuvieron al menor hasta la llegada del m\u00f3vil [&hellip;]<\/p>\n","protected":false},"author":4,"featured_media":80172,"comment_status":"closed","ping_status":"closed","sticky":false,"template":"","format":"standard","meta":{"om_disable_all_campaigns":false,"_jetpack_memberships_contains_paid_content":false,"footnotes":""},"categories":[2,103],"tags":[197,33,95,19],"class_list":["post-124481","post","type-post","status-publish","format-standard","has-post-thumbnail","hentry","category-locales","category-policiales-locales","tag-buenos-aires","tag-locales","tag-policiales","tag-san-pedro"],"aioseo_notices":[],"gutentor_comment":0,"jetpack_featured_media_url":"https:\/\/eldiariodesanpedro.com.ar\/sitio\/wp-content\/uploads\/2020\/08\/lvp.lvp_.img_nv000592.jpg","jetpack_shortlink":"https:\/\/wp.me\/p6RhLt-wnL","jetpack_sharing_enabled":true,"_links":{"self":[{"href":"https:\/\/eldiariodesanpedro.com.ar\/sitio\/wp-json\/wp\/v2\/posts\/124481","targetHints":{"allow":["GET"]}}],"collection":[{"href":"https:\/\/eldiariodesanpedro.com.ar\/sitio\/wp-json\/wp\/v2\/posts"}],"about":[{"href":"https:\/\/eldiariodesanpedro.com.ar\/sitio\/wp-json\/wp\/v2\/types\/post"}],"author":[{"embeddable":true,"href":"https:\/\/eldiariodesanpedro.com.ar\/sitio\/wp-json\/wp\/v2\/users\/4"}],"replies":[{"embeddable":true,"href":"https:\/\/eldiariodesanpedro.com.ar\/sitio\/wp-json\/wp\/v2\/comments?post=124481"}],"version-history":[{"count":1,"href":"https:\/\/eldiariodesanpedro.com.ar\/sitio\/wp-json\/wp\/v2\/posts\/124481\/revisions"}],"predecessor-version":[{"id":124482,"href":"https:\/\/eldiariodesanpedro.com.ar\/sitio\/wp-json\/wp\/v2\/posts\/124481\/revisions\/124482"}],"wp:featuredmedia":[{"embeddable":true,"href":"https:\/\/eldiariodesanpedro.com.ar\/sitio\/wp-json\/wp\/v2\/media\/80172"}],"wp:attachment":[{"href":"https:\/\/eldiariodesanpedro.com.ar\/sitio\/wp-json\/wp\/v2\/media?parent=124481"}],"wp:term":[{"taxonomy":"category","embeddable":true,"href":"https:\/\/eldiariodesanpedro.com.ar\/sitio\/wp-json\/wp\/v2\/categories?post=124481"},{"taxonomy":"post_tag","embeddable":true,"href":"https:\/\/eldiariodesanpedro.com.ar\/sitio\/wp-json\/wp\/v2\/tags?post=124481"}],"curies":[{"name":"wp","href":"https:\/\/api.w.org\/{rel}","templated":true}]}}