{"id":124477,"date":"2023-12-07T15:22:41","date_gmt":"2023-12-07T18:22:41","guid":{"rendered":"https:\/\/eldiariodesanpedro.com.ar\/sitio\/?p=124477"},"modified":"2023-12-07T15:22:43","modified_gmt":"2023-12-07T18:22:43","slug":"practica-profesional-de-colocacion-de-implantes-subdermicos-en-el-polo-de-salud","status":"publish","type":"post","link":"https:\/\/eldiariodesanpedro.com.ar\/sitio\/practica-profesional-de-colocacion-de-implantes-subdermicos-en-el-polo-de-salud\/","title":{"rendered":"Pr\u00e1ctica Profesional de Colocaci\u00f3n de Implantes Subd\u00e9rmicos en el Polo de Salud"},"content":{"rendered":"<!-- VideographyWP Plugin Message: Automatic video embedding prevented by plugin options. -->\n\n<p>Este jueves 7 de diciembre en el Polo de Salud de la Municipalidad de San Pedro, se llev\u00f3 a cabo una pr\u00e1ctica profesional de colocaci\u00f3n de Implantes Subd\u00e9rmicos anticonceptivos de doble varilla \u00abLEVOPLANT\u00bb.<\/p>\n\n\n\n<p>La capacitaci\u00f3n para la colocaci\u00f3n del implante de doble varilla fue llevada a cabo por el equipo de profesionales de la Municipalidad de San Pedro, quienes colocaron un total de 20 implantes en pacientes interesadas en este m\u00e9todo anticonceptivo<\/p>\n\n\n\n<p>Los profesionales que participaron de la actividad:<br>Dra. Gueglio Bernardette<br>Dra. Hern\u00e1ndez Tatiana<br>Lic. Krausse Valentina<br>Dra. Robles P\u00eda<br>Dra. Ronte Lidia<br>Dra. Vargas Ana<br>Dr. Wagner Gustavo<\/p>\n\n\n\n<figure class=\"wp-block-image size-full\"><img decoding=\"async\" width=\"608\" height=\"630\" data-attachment-id=\"124479\" data-permalink=\"https:\/\/eldiariodesanpedro.com.ar\/sitio\/practica-profesional-de-colocacion-de-implantes-subdermicos-en-el-polo-de-salud\/imagen-de-whatsapp-2023-12-07-a-las-13-29-16_c02ac851\/\" data-orig-file=\"https:\/\/eldiariodesanpedro.com.ar\/sitio\/wp-content\/uploads\/2023\/12\/Imagen-de-WhatsApp-2023-12-07-a-las-13.29.16_c02ac851.jpg\" data-orig-size=\"608,630\" data-comments-opened=\"0\" data-image-meta=\"{&quot;aperture&quot;:&quot;0&quot;,&quot;credit&quot;:&quot;&quot;,&quot;camera&quot;:&quot;&quot;,&quot;caption&quot;:&quot;&quot;,&quot;created_timestamp&quot;:&quot;0&quot;,&quot;copyright&quot;:&quot;&quot;,&quot;focal_length&quot;:&quot;0&quot;,&quot;iso&quot;:&quot;0&quot;,&quot;shutter_speed&quot;:&quot;0&quot;,&quot;title&quot;:&quot;&quot;,&quot;orientation&quot;:&quot;0&quot;}\" data-image-title=\"Imagen-de-WhatsApp-2023-12-07-a-las-13.29.16_c02ac851\" data-image-description=\"\" data-image-caption=\"\" data-large-file=\"https:\/\/eldiariodesanpedro.com.ar\/sitio\/wp-content\/uploads\/2023\/12\/Imagen-de-WhatsApp-2023-12-07-a-las-13.29.16_c02ac851.jpg\" data-src=\"https:\/\/eldiariodesanpedro.com.ar\/sitio\/wp-content\/uploads\/2023\/12\/Imagen-de-WhatsApp-2023-12-07-a-las-13.29.16_c02ac851.jpg\" alt=\"\" class=\"wp-image-124479 lazyload\" data-srcset=\"https:\/\/eldiariodesanpedro.com.ar\/sitio\/wp-content\/uploads\/2023\/12\/Imagen-de-WhatsApp-2023-12-07-a-las-13.29.16_c02ac851.jpg 608w, https:\/\/eldiariodesanpedro.com.ar\/sitio\/wp-content\/uploads\/2023\/12\/Imagen-de-WhatsApp-2023-12-07-a-las-13.29.16_c02ac851-290x300.jpg 290w\" data-sizes=\"(max-width: 608px) 100vw, 608px\" src=\"data:image\/svg+xml;base64,PHN2ZyB3aWR0aD0iMSIgaGVpZ2h0PSIxIiB4bWxucz0iaHR0cDovL3d3dy53My5vcmcvMjAwMC9zdmciPjwvc3ZnPg==\" style=\"--smush-placeholder-width: 608px; --smush-placeholder-aspect-ratio: 608\/630;\" \/><\/figure>\n","protected":false},"excerpt":{"rendered":"<p>Este jueves 7 de diciembre en el Polo de Salud de la Municipalidad de San Pedro, se llev\u00f3 a cabo una pr\u00e1ctica profesional de colocaci\u00f3n de Implantes Subd\u00e9rmicos anticonceptivos de doble varilla \u00abLEVOPLANT\u00bb. La capacitaci\u00f3n para la colocaci\u00f3n del implante de doble varilla fue llevada a cabo por el equipo de profesionales de la Municipalidad [&hellip;]<\/p>\n","protected":false},"author":4,"featured_media":124478,"comment_status":"closed","ping_status":"closed","sticky":false,"template":"","format":"standard","meta":{"om_disable_all_campaigns":false,"_jetpack_memberships_contains_paid_content":false,"footnotes":""},"categories":[50,101,2],"tags":[197,696,33,19],"class_list":["post-124477","post","type-post","status-publish","format-standard","has-post-thumbnail","hentry","category-destacadas","category-interes-general-locales","category-locales","tag-buenos-aires","tag-interes-general","tag-locales","tag-san-pedro"],"aioseo_notices":[],"gutentor_comment":0,"jetpack_featured_media_url":"https:\/\/eldiariodesanpedro.com.ar\/sitio\/wp-content\/uploads\/2023\/12\/medida-10.png","jetpack_shortlink":"https:\/\/wp.me\/p6RhLt-wnH","jetpack_sharing_enabled":true,"_links":{"self":[{"href":"https:\/\/eldiariodesanpedro.com.ar\/sitio\/wp-json\/wp\/v2\/posts\/124477","targetHints":{"allow":["GET"]}}],"collection":[{"href":"https:\/\/eldiariodesanpedro.com.ar\/sitio\/wp-json\/wp\/v2\/posts"}],"about":[{"href":"https:\/\/eldiariodesanpedro.com.ar\/sitio\/wp-json\/wp\/v2\/types\/post"}],"author":[{"embeddable":true,"href":"https:\/\/eldiariodesanpedro.com.ar\/sitio\/wp-json\/wp\/v2\/users\/4"}],"replies":[{"embeddable":true,"href":"https:\/\/eldiariodesanpedro.com.ar\/sitio\/wp-json\/wp\/v2\/comments?post=124477"}],"version-history":[{"count":1,"href":"https:\/\/eldiariodesanpedro.com.ar\/sitio\/wp-json\/wp\/v2\/posts\/124477\/revisions"}],"predecessor-version":[{"id":124480,"href":"https:\/\/eldiariodesanpedro.com.ar\/sitio\/wp-json\/wp\/v2\/posts\/124477\/revisions\/124480"}],"wp:featuredmedia":[{"embeddable":true,"href":"https:\/\/eldiariodesanpedro.com.ar\/sitio\/wp-json\/wp\/v2\/media\/124478"}],"wp:attachment":[{"href":"https:\/\/eldiariodesanpedro.com.ar\/sitio\/wp-json\/wp\/v2\/media?parent=124477"}],"wp:term":[{"taxonomy":"category","embeddable":true,"href":"https:\/\/eldiariodesanpedro.com.ar\/sitio\/wp-json\/wp\/v2\/categories?post=124477"},{"taxonomy":"post_tag","embeddable":true,"href":"https:\/\/eldiariodesanpedro.com.ar\/sitio\/wp-json\/wp\/v2\/tags?post=124477"}],"curies":[{"name":"wp","href":"https:\/\/api.w.org\/{rel}","templated":true}]}}