{"id":124474,"date":"2023-12-07T14:56:07","date_gmt":"2023-12-07T17:56:07","guid":{"rendered":"https:\/\/eldiariodesanpedro.com.ar\/sitio\/?p=124474"},"modified":"2023-12-07T14:56:09","modified_gmt":"2023-12-07T17:56:09","slug":"joven-de-18-anos-aprehendido-por-tenencia-de-arma-blanca","status":"publish","type":"post","link":"https:\/\/eldiariodesanpedro.com.ar\/sitio\/joven-de-18-anos-aprehendido-por-tenencia-de-arma-blanca\/","title":{"rendered":"Joven de 18 a\u00f1os aprehendido por tenencia de arma blanca"},"content":{"rendered":"<!-- VideographyWP Plugin Message: Automatic video embedding prevented by plugin options. -->\n\n<p>Operativo policial resulta en la aprehensi\u00f3n por violaci\u00f3n de la Ley 8031 y secuestro, en una acci\u00f3n realizada por el personal policial la dependencia en la intersecci\u00f3n de las calles Ruffa y Manuel Iglesias durante la noche de ayer, se llev\u00f3 a cabo la aprehensi\u00f3n de un individuo de 18 a\u00f1os de edad.<\/p>\n\n\n\n<p>Durante el procedimiento, se incaut\u00f3 un arma blanca que el sujeto portaba mientras se encontraba circulando en la v\u00eda p\u00fablica. Tras ser notificado, el detenido fue liberado posteriormente. La intervenci\u00f3n en este caso est\u00e1 a cargo del Juzgado de Paz local.<\/p>\n","protected":false},"excerpt":{"rendered":"<p>Operativo policial resulta en la aprehensi\u00f3n por violaci\u00f3n de la Ley 8031 y secuestro, en una acci\u00f3n realizada por el personal policial la dependencia en la intersecci\u00f3n de las calles Ruffa y Manuel Iglesias durante la noche de ayer, se llev\u00f3 a cabo la aprehensi\u00f3n de un individuo de 18 a\u00f1os de edad. Durante el [&hellip;]<\/p>\n","protected":false},"author":4,"featured_media":124475,"comment_status":"closed","ping_status":"closed","sticky":false,"template":"","format":"standard","meta":{"om_disable_all_campaigns":false,"_jetpack_memberships_contains_paid_content":false,"footnotes":""},"categories":[2,103],"tags":[197,33,95,19],"class_list":["post-124474","post","type-post","status-publish","format-standard","has-post-thumbnail","hentry","category-locales","category-policiales-locales","tag-buenos-aires","tag-locales","tag-policiales","tag-san-pedro"],"aioseo_notices":[],"gutentor_comment":0,"jetpack_featured_media_url":"https:\/\/eldiariodesanpedro.com.ar\/sitio\/wp-content\/uploads\/2023\/12\/medida-9.png","jetpack_shortlink":"https:\/\/wp.me\/p6RhLt-wnE","jetpack_sharing_enabled":true,"_links":{"self":[{"href":"https:\/\/eldiariodesanpedro.com.ar\/sitio\/wp-json\/wp\/v2\/posts\/124474","targetHints":{"allow":["GET"]}}],"collection":[{"href":"https:\/\/eldiariodesanpedro.com.ar\/sitio\/wp-json\/wp\/v2\/posts"}],"about":[{"href":"https:\/\/eldiariodesanpedro.com.ar\/sitio\/wp-json\/wp\/v2\/types\/post"}],"author":[{"embeddable":true,"href":"https:\/\/eldiariodesanpedro.com.ar\/sitio\/wp-json\/wp\/v2\/users\/4"}],"replies":[{"embeddable":true,"href":"https:\/\/eldiariodesanpedro.com.ar\/sitio\/wp-json\/wp\/v2\/comments?post=124474"}],"version-history":[{"count":1,"href":"https:\/\/eldiariodesanpedro.com.ar\/sitio\/wp-json\/wp\/v2\/posts\/124474\/revisions"}],"predecessor-version":[{"id":124476,"href":"https:\/\/eldiariodesanpedro.com.ar\/sitio\/wp-json\/wp\/v2\/posts\/124474\/revisions\/124476"}],"wp:featuredmedia":[{"embeddable":true,"href":"https:\/\/eldiariodesanpedro.com.ar\/sitio\/wp-json\/wp\/v2\/media\/124475"}],"wp:attachment":[{"href":"https:\/\/eldiariodesanpedro.com.ar\/sitio\/wp-json\/wp\/v2\/media?parent=124474"}],"wp:term":[{"taxonomy":"category","embeddable":true,"href":"https:\/\/eldiariodesanpedro.com.ar\/sitio\/wp-json\/wp\/v2\/categories?post=124474"},{"taxonomy":"post_tag","embeddable":true,"href":"https:\/\/eldiariodesanpedro.com.ar\/sitio\/wp-json\/wp\/v2\/tags?post=124474"}],"curies":[{"name":"wp","href":"https:\/\/api.w.org\/{rel}","templated":true}]}}