{"id":124471,"date":"2023-12-07T14:15:49","date_gmt":"2023-12-07T17:15:49","guid":{"rendered":"https:\/\/eldiariodesanpedro.com.ar\/sitio\/?p=124471"},"modified":"2023-12-07T14:15:51","modified_gmt":"2023-12-07T17:15:51","slug":"hechos-de-vandalismo-en-la-oficina-de-la-aduana-de-la-ciudad","status":"publish","type":"post","link":"https:\/\/eldiariodesanpedro.com.ar\/sitio\/hechos-de-vandalismo-en-la-oficina-de-la-aduana-de-la-ciudad\/","title":{"rendered":"Hechos de vandalismo en la oficina de la Aduana de la ciudad"},"content":{"rendered":"<!-- VideographyWP Plugin Message: Automatic video embedding prevented by plugin options. -->\n\n<p><br>En el transcurso del d\u00eda de ayer, un individuo de 54 a\u00f1os, empleado de la aduana local situada en la intersecci\u00f3n de las calles Miguel Porta y Almirante Brown, inform\u00f3 sobre un acto de vandalismo. Se observaron da\u00f1os en un ventanal del edificio, aparentemente causados por personas desconocidas. La investigaci\u00f3n est\u00e1 a cargo de la Unidad Funcional de Instrucci\u00f3n N\u00ba 11 (UFI 11).<\/p>\n","protected":false},"excerpt":{"rendered":"<p>En el transcurso del d\u00eda de ayer, un individuo de 54 a\u00f1os, empleado de la aduana local situada en la intersecci\u00f3n de las calles Miguel Porta y Almirante Brown, inform\u00f3 sobre un acto de vandalismo. Se observaron da\u00f1os en un ventanal del edificio, aparentemente causados por personas desconocidas. La investigaci\u00f3n est\u00e1 a cargo de la [&hellip;]<\/p>\n","protected":false},"author":4,"featured_media":124472,"comment_status":"closed","ping_status":"closed","sticky":false,"template":"","format":"standard","meta":{"om_disable_all_campaigns":false,"_jetpack_memberships_contains_paid_content":false,"footnotes":""},"categories":[2,103],"tags":[],"class_list":["post-124471","post","type-post","status-publish","format-standard","has-post-thumbnail","hentry","category-locales","category-policiales-locales"],"aioseo_notices":[],"gutentor_comment":0,"jetpack_featured_media_url":"https:\/\/eldiariodesanpedro.com.ar\/sitio\/wp-content\/uploads\/2023\/12\/medida-8.png","jetpack_shortlink":"https:\/\/wp.me\/p6RhLt-wnB","jetpack_sharing_enabled":true,"_links":{"self":[{"href":"https:\/\/eldiariodesanpedro.com.ar\/sitio\/wp-json\/wp\/v2\/posts\/124471","targetHints":{"allow":["GET"]}}],"collection":[{"href":"https:\/\/eldiariodesanpedro.com.ar\/sitio\/wp-json\/wp\/v2\/posts"}],"about":[{"href":"https:\/\/eldiariodesanpedro.com.ar\/sitio\/wp-json\/wp\/v2\/types\/post"}],"author":[{"embeddable":true,"href":"https:\/\/eldiariodesanpedro.com.ar\/sitio\/wp-json\/wp\/v2\/users\/4"}],"replies":[{"embeddable":true,"href":"https:\/\/eldiariodesanpedro.com.ar\/sitio\/wp-json\/wp\/v2\/comments?post=124471"}],"version-history":[{"count":1,"href":"https:\/\/eldiariodesanpedro.com.ar\/sitio\/wp-json\/wp\/v2\/posts\/124471\/revisions"}],"predecessor-version":[{"id":124473,"href":"https:\/\/eldiariodesanpedro.com.ar\/sitio\/wp-json\/wp\/v2\/posts\/124471\/revisions\/124473"}],"wp:featuredmedia":[{"embeddable":true,"href":"https:\/\/eldiariodesanpedro.com.ar\/sitio\/wp-json\/wp\/v2\/media\/124472"}],"wp:attachment":[{"href":"https:\/\/eldiariodesanpedro.com.ar\/sitio\/wp-json\/wp\/v2\/media?parent=124471"}],"wp:term":[{"taxonomy":"category","embeddable":true,"href":"https:\/\/eldiariodesanpedro.com.ar\/sitio\/wp-json\/wp\/v2\/categories?post=124471"},{"taxonomy":"post_tag","embeddable":true,"href":"https:\/\/eldiariodesanpedro.com.ar\/sitio\/wp-json\/wp\/v2\/tags?post=124471"}],"curies":[{"name":"wp","href":"https:\/\/api.w.org\/{rel}","templated":true}]}}