{"id":124468,"date":"2023-12-07T13:31:12","date_gmt":"2023-12-07T16:31:12","guid":{"rendered":"https:\/\/eldiariodesanpedro.com.ar\/sitio\/?p=124468"},"modified":"2023-12-07T13:31:14","modified_gmt":"2023-12-07T16:31:14","slug":"un-hombre-aprehendido-con-arma-blanca","status":"publish","type":"post","link":"https:\/\/eldiariodesanpedro.com.ar\/sitio\/un-hombre-aprehendido-con-arma-blanca\/","title":{"rendered":"Un hombre aprehendido con arma blanca"},"content":{"rendered":"<!-- VideographyWP Plugin Message: Automatic video embedding prevented by plugin options. -->\n\n<p>Ayer por la ma\u00f1ana, agentes de la Polic\u00eda local detuvieron a un hombre de 24 a\u00f1os en la intersecci\u00f3n de la avenida 3 de Febrero y Salta. Durante la aprehensi\u00f3n, se incaut\u00f3 un arma blanca que el individuo llevaba consigo mientras caminaba en la v\u00eda p\u00fablica. Despu\u00e9s de la notificaci\u00f3n correspondiente, fue liberado. La intervenci\u00f3n judicial est\u00e1 a cargo del Juzgado de Paz local.<\/p>\n","protected":false},"excerpt":{"rendered":"<p>Ayer por la ma\u00f1ana, agentes de la Polic\u00eda local detuvieron a un hombre de 24 a\u00f1os en la intersecci\u00f3n de la avenida 3 de Febrero y Salta. Durante la aprehensi\u00f3n, se incaut\u00f3 un arma blanca que el individuo llevaba consigo mientras caminaba en la v\u00eda p\u00fablica. Despu\u00e9s de la notificaci\u00f3n correspondiente, fue liberado. La intervenci\u00f3n [&hellip;]<\/p>\n","protected":false},"author":4,"featured_media":124469,"comment_status":"closed","ping_status":"closed","sticky":false,"template":"","format":"standard","meta":{"om_disable_all_campaigns":false,"_jetpack_memberships_contains_paid_content":false,"footnotes":""},"categories":[2,103],"tags":[],"class_list":["post-124468","post","type-post","status-publish","format-standard","has-post-thumbnail","hentry","category-locales","category-policiales-locales"],"aioseo_notices":[],"gutentor_comment":0,"jetpack_featured_media_url":"https:\/\/eldiariodesanpedro.com.ar\/sitio\/wp-content\/uploads\/2023\/12\/medida-7.png","jetpack_shortlink":"https:\/\/wp.me\/p6RhLt-wny","jetpack_sharing_enabled":true,"_links":{"self":[{"href":"https:\/\/eldiariodesanpedro.com.ar\/sitio\/wp-json\/wp\/v2\/posts\/124468","targetHints":{"allow":["GET"]}}],"collection":[{"href":"https:\/\/eldiariodesanpedro.com.ar\/sitio\/wp-json\/wp\/v2\/posts"}],"about":[{"href":"https:\/\/eldiariodesanpedro.com.ar\/sitio\/wp-json\/wp\/v2\/types\/post"}],"author":[{"embeddable":true,"href":"https:\/\/eldiariodesanpedro.com.ar\/sitio\/wp-json\/wp\/v2\/users\/4"}],"replies":[{"embeddable":true,"href":"https:\/\/eldiariodesanpedro.com.ar\/sitio\/wp-json\/wp\/v2\/comments?post=124468"}],"version-history":[{"count":1,"href":"https:\/\/eldiariodesanpedro.com.ar\/sitio\/wp-json\/wp\/v2\/posts\/124468\/revisions"}],"predecessor-version":[{"id":124470,"href":"https:\/\/eldiariodesanpedro.com.ar\/sitio\/wp-json\/wp\/v2\/posts\/124468\/revisions\/124470"}],"wp:featuredmedia":[{"embeddable":true,"href":"https:\/\/eldiariodesanpedro.com.ar\/sitio\/wp-json\/wp\/v2\/media\/124469"}],"wp:attachment":[{"href":"https:\/\/eldiariodesanpedro.com.ar\/sitio\/wp-json\/wp\/v2\/media?parent=124468"}],"wp:term":[{"taxonomy":"category","embeddable":true,"href":"https:\/\/eldiariodesanpedro.com.ar\/sitio\/wp-json\/wp\/v2\/categories?post=124468"},{"taxonomy":"post_tag","embeddable":true,"href":"https:\/\/eldiariodesanpedro.com.ar\/sitio\/wp-json\/wp\/v2\/tags?post=124468"}],"curies":[{"name":"wp","href":"https:\/\/api.w.org\/{rel}","templated":true}]}}