{"id":124466,"date":"2023-12-07T11:27:19","date_gmt":"2023-12-07T14:27:19","guid":{"rendered":"https:\/\/eldiariodesanpedro.com.ar\/sitio\/?p=124466"},"modified":"2023-12-07T11:27:21","modified_gmt":"2023-12-07T14:27:21","slug":"cierre-de-ano-de-escuelas-deportivas-municipales-y-animate-vos-vales","status":"publish","type":"post","link":"https:\/\/eldiariodesanpedro.com.ar\/sitio\/cierre-de-ano-de-escuelas-deportivas-municipales-y-animate-vos-vales\/","title":{"rendered":"Cierre de a\u00f1o de Escuelas Deportivas Municipales y Animate Vos Vales"},"content":{"rendered":"<!-- VideographyWP Plugin Message: Automatic video embedding prevented by plugin options. -->\n\n<p>Como cierre de a\u00f1o de los programas \u201cAnimate Vos Vales\u201d y \u201cEscuelas Deportivas Municipales\u201d, la Direcci\u00f3n de Deportes de la Municipalidad de San Pedro llevar\u00e1 a cabo una jornada recreativa en el Estadio Municipal.<\/p>\n\n\n\n<p>Este evento especial, que se desarrollar\u00e1 el viernes 8 de diciembre de 9 a 12 hs. ofrecer\u00e1 a los participantes la oportunidad de disfrutar de una variada gama de actividades deportivas y recreativas, que han sido parte integral de estos programas a lo largo del a\u00f1o como Hockey, Atletismo, Softbol, B\u00e1squet, Pelota Paleta, Karate, Canotaje, Boxeo, Zumba y muchas m\u00e1s.<\/p>\n\n\n\n<p>Desde la Municipalidad de San Pedro y el Gobierno que encabeza el Intendente Cecilio Salazar, invitamos a la comunidad sampedrina a sumarse en esta jornada en la que celebraremos juntos los logros alcanzados y nos prepararemos para un nuevo a\u00f1o lleno de desaf\u00edos y \u00e9xitos deportivos.<\/p>\n","protected":false},"excerpt":{"rendered":"<p>Como cierre de a\u00f1o de los programas \u201cAnimate Vos Vales\u201d y \u201cEscuelas Deportivas Municipales\u201d, la Direcci\u00f3n de Deportes de la Municipalidad de San Pedro llevar\u00e1 a cabo una jornada recreativa en el Estadio Municipal. Este evento especial, que se desarrollar\u00e1 el viernes 8 de diciembre de 9 a 12 hs. ofrecer\u00e1 a los participantes la [&hellip;]<\/p>\n","protected":false},"author":4,"featured_media":99588,"comment_status":"closed","ping_status":"closed","sticky":false,"template":"","format":"standard","meta":{"om_disable_all_campaigns":false,"_jetpack_memberships_contains_paid_content":false,"footnotes":""},"categories":[50,101,2],"tags":[],"class_list":["post-124466","post","type-post","status-publish","format-standard","has-post-thumbnail","hentry","category-destacadas","category-interes-general-locales","category-locales"],"aioseo_notices":[],"gutentor_comment":0,"jetpack_featured_media_url":"https:\/\/eldiariodesanpedro.com.ar\/sitio\/wp-content\/uploads\/2021\/09\/WhatsApp-Image-2021-09-25-at-17.15.22.jpeg","jetpack_shortlink":"https:\/\/wp.me\/p6RhLt-wnw","jetpack_sharing_enabled":true,"_links":{"self":[{"href":"https:\/\/eldiariodesanpedro.com.ar\/sitio\/wp-json\/wp\/v2\/posts\/124466","targetHints":{"allow":["GET"]}}],"collection":[{"href":"https:\/\/eldiariodesanpedro.com.ar\/sitio\/wp-json\/wp\/v2\/posts"}],"about":[{"href":"https:\/\/eldiariodesanpedro.com.ar\/sitio\/wp-json\/wp\/v2\/types\/post"}],"author":[{"embeddable":true,"href":"https:\/\/eldiariodesanpedro.com.ar\/sitio\/wp-json\/wp\/v2\/users\/4"}],"replies":[{"embeddable":true,"href":"https:\/\/eldiariodesanpedro.com.ar\/sitio\/wp-json\/wp\/v2\/comments?post=124466"}],"version-history":[{"count":1,"href":"https:\/\/eldiariodesanpedro.com.ar\/sitio\/wp-json\/wp\/v2\/posts\/124466\/revisions"}],"predecessor-version":[{"id":124467,"href":"https:\/\/eldiariodesanpedro.com.ar\/sitio\/wp-json\/wp\/v2\/posts\/124466\/revisions\/124467"}],"wp:featuredmedia":[{"embeddable":true,"href":"https:\/\/eldiariodesanpedro.com.ar\/sitio\/wp-json\/wp\/v2\/media\/99588"}],"wp:attachment":[{"href":"https:\/\/eldiariodesanpedro.com.ar\/sitio\/wp-json\/wp\/v2\/media?parent=124466"}],"wp:term":[{"taxonomy":"category","embeddable":true,"href":"https:\/\/eldiariodesanpedro.com.ar\/sitio\/wp-json\/wp\/v2\/categories?post=124466"},{"taxonomy":"post_tag","embeddable":true,"href":"https:\/\/eldiariodesanpedro.com.ar\/sitio\/wp-json\/wp\/v2\/tags?post=124466"}],"curies":[{"name":"wp","href":"https:\/\/api.w.org\/{rel}","templated":true}]}}