{"id":124462,"date":"2023-12-06T15:05:01","date_gmt":"2023-12-06T18:05:01","guid":{"rendered":"https:\/\/eldiariodesanpedro.com.ar\/sitio\/?p=124462"},"modified":"2023-12-06T15:05:04","modified_gmt":"2023-12-06T18:05:04","slug":"entrega-de-elementos-en-el-jardin-heroinas-de-malvinas","status":"publish","type":"post","link":"https:\/\/eldiariodesanpedro.com.ar\/sitio\/entrega-de-elementos-en-el-jardin-heroinas-de-malvinas\/","title":{"rendered":"Entrega de elementos en el Jard\u00edn \u201cHero\u00ednas de Malvinas"},"content":{"rendered":"<!-- VideographyWP Plugin Message: Automatic video embedding prevented by plugin options. -->\n\n<p>Esta ma\u00f1ana, el Intendente Cecilio Salazar encabez\u00f3 la entrega de elementos para el Jard\u00edn N\u00b0 919 \u201cHero\u00ednas de Malvinas\u201d del barrio Banfield.Junto al Secretario de Desarrollo Humano, Walter S\u00e1nchez  y el Secretario Coordinador del Consejo Provincial de Educaci\u00f3n y Trabajo, Alan Ocampo entregaron a la Directora de la Instituci\u00f3n, Karina Rossi y a las docentes un TV Smart de 50 pulgadas, un aire acondicionado fr\u00edo\/calor de 5100 frigor\u00edas y unos kits de psicomotricidad y mini Trump.<\/p>\n\n\n\n<p>La entrega de estos elementos, de gran utilidad para el desarrollo de las actividades en la Instituci\u00f3n, es parte de las acciones que se vienen llevando adelante desde el gobierno que encabeza el Intendente Cecilio Salazar en su compromiso por fortalecer la educaci\u00f3n y el bienestar de la comunidad.<\/p>\n\n\n\n<p><\/p>\n","protected":false},"excerpt":{"rendered":"<p>Esta ma\u00f1ana, el Intendente Cecilio Salazar encabez\u00f3 la entrega de elementos para el Jard\u00edn N\u00b0 919 \u201cHero\u00ednas de Malvinas\u201d del barrio Banfield.Junto al Secretario de Desarrollo Humano, Walter S\u00e1nchez y el Secretario Coordinador del Consejo Provincial de Educaci\u00f3n y Trabajo, Alan Ocampo entregaron a la Directora de la Instituci\u00f3n, Karina Rossi y a las docentes [&hellip;]<\/p>\n","protected":false},"author":4,"featured_media":124464,"comment_status":"closed","ping_status":"closed","sticky":false,"template":"","format":"standard","meta":{"om_disable_all_campaigns":false,"_jetpack_memberships_contains_paid_content":false,"footnotes":""},"categories":[50,101,2],"tags":[197,696,33,19],"class_list":["post-124462","post","type-post","status-publish","format-standard","has-post-thumbnail","hentry","category-destacadas","category-interes-general-locales","category-locales","tag-buenos-aires","tag-interes-general","tag-locales","tag-san-pedro"],"aioseo_notices":[],"gutentor_comment":0,"jetpack_featured_media_url":"https:\/\/eldiariodesanpedro.com.ar\/sitio\/wp-content\/uploads\/2023\/12\/IMG-20231206-WA0010.jpg","jetpack_shortlink":"https:\/\/wp.me\/p6RhLt-wns","jetpack_sharing_enabled":true,"_links":{"self":[{"href":"https:\/\/eldiariodesanpedro.com.ar\/sitio\/wp-json\/wp\/v2\/posts\/124462","targetHints":{"allow":["GET"]}}],"collection":[{"href":"https:\/\/eldiariodesanpedro.com.ar\/sitio\/wp-json\/wp\/v2\/posts"}],"about":[{"href":"https:\/\/eldiariodesanpedro.com.ar\/sitio\/wp-json\/wp\/v2\/types\/post"}],"author":[{"embeddable":true,"href":"https:\/\/eldiariodesanpedro.com.ar\/sitio\/wp-json\/wp\/v2\/users\/4"}],"replies":[{"embeddable":true,"href":"https:\/\/eldiariodesanpedro.com.ar\/sitio\/wp-json\/wp\/v2\/comments?post=124462"}],"version-history":[{"count":1,"href":"https:\/\/eldiariodesanpedro.com.ar\/sitio\/wp-json\/wp\/v2\/posts\/124462\/revisions"}],"predecessor-version":[{"id":124465,"href":"https:\/\/eldiariodesanpedro.com.ar\/sitio\/wp-json\/wp\/v2\/posts\/124462\/revisions\/124465"}],"wp:featuredmedia":[{"embeddable":true,"href":"https:\/\/eldiariodesanpedro.com.ar\/sitio\/wp-json\/wp\/v2\/media\/124464"}],"wp:attachment":[{"href":"https:\/\/eldiariodesanpedro.com.ar\/sitio\/wp-json\/wp\/v2\/media?parent=124462"}],"wp:term":[{"taxonomy":"category","embeddable":true,"href":"https:\/\/eldiariodesanpedro.com.ar\/sitio\/wp-json\/wp\/v2\/categories?post=124462"},{"taxonomy":"post_tag","embeddable":true,"href":"https:\/\/eldiariodesanpedro.com.ar\/sitio\/wp-json\/wp\/v2\/tags?post=124462"}],"curies":[{"name":"wp","href":"https:\/\/api.w.org\/{rel}","templated":true}]}}