{"id":124453,"date":"2023-12-06T13:58:01","date_gmt":"2023-12-06T16:58:01","guid":{"rendered":"https:\/\/eldiariodesanpedro.com.ar\/sitio\/?p=124453"},"modified":"2023-12-06T14:03:01","modified_gmt":"2023-12-06T17:03:01","slug":"sesion-extraordinaria-por-el-aumento-del-boleto-y-la-concesion-del-predio-de-bigua","status":"publish","type":"post","link":"https:\/\/eldiariodesanpedro.com.ar\/sitio\/sesion-extraordinaria-por-el-aumento-del-boleto-y-la-concesion-del-predio-de-bigua\/","title":{"rendered":"Sesi\u00f3n extraordinaria por el aumento del boleto y la concesi\u00f3n del predio de Bigu\u00e1"},"content":{"rendered":"<!-- VideographyWP Plugin Message: Automatic video embedding prevented by plugin options. -->\n\n<p>El Concejo Deliberante de San Pedro llevar\u00e1 adelante este mi\u00e9rcoles una sesi\u00f3n extraordinaria, con el objetivo de dar tratamiento a varios de los temas que quedaron pendientes del per\u00edodo ordinario de sesiones.&nbsp;<\/p>\n\n\n\n<p>A\u00fan con la conformaci\u00f3n que integran los 9 concejales que finalizar\u00e1n su mandato el 10 de diciembre y los 9 a los que le quedan dos a\u00f1os, el HCD tratar\u00e1 un orden del d\u00eda corto.<a><\/a><\/p>\n\n\n\n<p>El primero de los puntos ser\u00e1 la convalidaci\u00f3n del contrato de concesi\u00f3n de uso precario entre la Municipalidad y el Tiro Federal. De tal forma, los Bigu\u00e1 podr\u00e1n seguir usando durante 30 a\u00f1os el predio ubicado en Avenida Espa\u00f1a para la pr\u00e1ctica de m\u00e1s de 400 jugadores de rugby de todas las categor\u00edas.&nbsp;<\/p>\n\n\n\n<p>El otro punto relevante es la aprobaci\u00f3n del nuevo cuadro tarifario de la empresa Vercelli Hermanos, concesionario del servicio p\u00fablico de transporte de pasajeros. Tras la segura aprobaci\u00f3n de esta tarde, el boleto de colectivos ser\u00e1 de 607 pesos a Gobernador Castro y Santa Luc\u00eda, 509 pesos a R\u00edo Tala y 560 pesos a Vuelta de Obligado.&nbsp;<\/p>\n\n\n\n<p>Tambi\u00e9n se convalidar\u00e1 la pr\u00f3rroga para que la empresa TIP S.A. contin\u00fae relevando los objetos publicitarios y antenas que configuran los derechos de publicidad y propaganda.&nbsp;<\/p>\n\n\n\n<p>Finalmente, se aprobar\u00e1 el listado de los Mayores Contribuyentes propuestos por el Departamento Ejecutivo para, entre otras cosas, analizar el presupuesto y las ordenanzas fiscal e impositiva del ejercicio 2024.<\/p>\n","protected":false},"excerpt":{"rendered":"<p>El Concejo Deliberante de San Pedro llevar\u00e1 adelante este mi\u00e9rcoles una sesi\u00f3n extraordinaria, con el objetivo de dar tratamiento a varios de los temas que quedaron pendientes del per\u00edodo ordinario de sesiones.&nbsp; A\u00fan con la conformaci\u00f3n que integran los 9 concejales que finalizar\u00e1n su mandato el 10 de diciembre y los 9 a los que [&hellip;]<\/p>\n","protected":false},"author":4,"featured_media":124454,"comment_status":"closed","ping_status":"closed","sticky":false,"template":"","format":"standard","meta":{"om_disable_all_campaigns":false,"_jetpack_memberships_contains_paid_content":false,"footnotes":""},"categories":[101,2],"tags":[197,696,33,19],"class_list":["post-124453","post","type-post","status-publish","format-standard","has-post-thumbnail","hentry","category-interes-general-locales","category-locales","tag-buenos-aires","tag-interes-general","tag-locales","tag-san-pedro"],"aioseo_notices":[],"gutentor_comment":0,"jetpack_featured_media_url":"https:\/\/eldiariodesanpedro.com.ar\/sitio\/wp-content\/uploads\/2023\/12\/medida-5.png","jetpack_shortlink":"https:\/\/wp.me\/p6RhLt-wnj","jetpack_sharing_enabled":true,"_links":{"self":[{"href":"https:\/\/eldiariodesanpedro.com.ar\/sitio\/wp-json\/wp\/v2\/posts\/124453","targetHints":{"allow":["GET"]}}],"collection":[{"href":"https:\/\/eldiariodesanpedro.com.ar\/sitio\/wp-json\/wp\/v2\/posts"}],"about":[{"href":"https:\/\/eldiariodesanpedro.com.ar\/sitio\/wp-json\/wp\/v2\/types\/post"}],"author":[{"embeddable":true,"href":"https:\/\/eldiariodesanpedro.com.ar\/sitio\/wp-json\/wp\/v2\/users\/4"}],"replies":[{"embeddable":true,"href":"https:\/\/eldiariodesanpedro.com.ar\/sitio\/wp-json\/wp\/v2\/comments?post=124453"}],"version-history":[{"count":2,"href":"https:\/\/eldiariodesanpedro.com.ar\/sitio\/wp-json\/wp\/v2\/posts\/124453\/revisions"}],"predecessor-version":[{"id":124456,"href":"https:\/\/eldiariodesanpedro.com.ar\/sitio\/wp-json\/wp\/v2\/posts\/124453\/revisions\/124456"}],"wp:featuredmedia":[{"embeddable":true,"href":"https:\/\/eldiariodesanpedro.com.ar\/sitio\/wp-json\/wp\/v2\/media\/124454"}],"wp:attachment":[{"href":"https:\/\/eldiariodesanpedro.com.ar\/sitio\/wp-json\/wp\/v2\/media?parent=124453"}],"wp:term":[{"taxonomy":"category","embeddable":true,"href":"https:\/\/eldiariodesanpedro.com.ar\/sitio\/wp-json\/wp\/v2\/categories?post=124453"},{"taxonomy":"post_tag","embeddable":true,"href":"https:\/\/eldiariodesanpedro.com.ar\/sitio\/wp-json\/wp\/v2\/tags?post=124453"}],"curies":[{"name":"wp","href":"https:\/\/api.w.org\/{rel}","templated":true}]}}