{"id":124451,"date":"2023-12-06T13:50:43","date_gmt":"2023-12-06T16:50:43","guid":{"rendered":"https:\/\/eldiariodesanpedro.com.ar\/sitio\/?p=124451"},"modified":"2023-12-06T13:50:44","modified_gmt":"2023-12-06T16:50:44","slug":"ultima-feria-de-mercados-bonaerenses-del-ano","status":"publish","type":"post","link":"https:\/\/eldiariodesanpedro.com.ar\/sitio\/ultima-feria-de-mercados-bonaerenses-del-ano\/","title":{"rendered":"\u00daltima feria de Mercados Bonaerenses del a\u00f1o"},"content":{"rendered":"<!-- VideographyWP Plugin Message: Automatic video embedding prevented by plugin options. -->\n\n<p>Este s\u00e1bado 9 de diciembre, desde las 9 hasta las 14 hs. en plaza Constituci\u00f3n (Hip\u00f3lito Yrigoyen entre Pellegrini y Mitre) se desarrollar\u00e1 la \u00faltima feria de Mercados Bonaerenses del a\u00f1o, el programa que lleva adelante el Ministerio de Desarrollo Agrario de la Provincia de Buenos Aires que es coordinado por la Secretar\u00eda de Desarrollo Econ\u00f3mico.<\/p>\n\n\n\n<p>En el lugar se establecer\u00e1n puestos de mermeladas caseras, huevos de gallinas, panificaci\u00f3n dulce y salada, elaboraciones sin gluten, cereales y frutos secos, conservas de vegetales, quesos, embutidos y otros productos.&nbsp;<a><\/a><\/p>\n\n\n\n<p>El objetivo es promover el desarrollo de canales alternativos de comercializaci\u00f3n, garantizar a los vecinos y las vecinas de San Pedro el acceso a una oferta variada de alimentos, impulsar la producci\u00f3n de nuestra ciudad y crear una red de productores y productoras a nivel local, regional y provincial.<\/p>\n\n\n\n<p>En esta oportunidad estar\u00e1 presente el cami\u00f3n de pastas y l\u00e1cteos junto al de pescados de la provincia con descuento del 40% con Cuenta DNI y 35% con cuenta BNA del Banco Naci\u00f3n. Adem\u00e1s, con el pago con QR en los feriantes adheridos se le suma la devoluci\u00f3n del 21% del IVA.<\/p>\n\n\n\n<p>Aquellos productores o productoras que deseen participar de las pr\u00f3ximas ferias pueden inscribirse a trav\u00e9s del siguiente link: <a href=\"https:\/\/bit.ly\/3Lyx0O6\">https:\/\/bit.ly\/3Lyx0O6<\/a><\/p>\n","protected":false},"excerpt":{"rendered":"<p>Este s\u00e1bado 9 de diciembre, desde las 9 hasta las 14 hs. en plaza Constituci\u00f3n (Hip\u00f3lito Yrigoyen entre Pellegrini y Mitre) se desarrollar\u00e1 la \u00faltima feria de Mercados Bonaerenses del a\u00f1o, el programa que lleva adelante el Ministerio de Desarrollo Agrario de la Provincia de Buenos Aires que es coordinado por la Secretar\u00eda de Desarrollo [&hellip;]<\/p>\n","protected":false},"author":4,"featured_media":111955,"comment_status":"closed","ping_status":"closed","sticky":false,"template":"","format":"standard","meta":{"om_disable_all_campaigns":false,"_jetpack_memberships_contains_paid_content":false,"footnotes":""},"categories":[101,2],"tags":[197,696,33,19],"class_list":["post-124451","post","type-post","status-publish","format-standard","has-post-thumbnail","hentry","category-interes-general-locales","category-locales","tag-buenos-aires","tag-interes-general","tag-locales","tag-san-pedro"],"aioseo_notices":[],"gutentor_comment":0,"jetpack_featured_media_url":"https:\/\/eldiariodesanpedro.com.ar\/sitio\/wp-content\/uploads\/2022\/11\/mercados-bonaerenses-SP.jpg","jetpack_shortlink":"https:\/\/wp.me\/p6RhLt-wnh","jetpack_sharing_enabled":true,"_links":{"self":[{"href":"https:\/\/eldiariodesanpedro.com.ar\/sitio\/wp-json\/wp\/v2\/posts\/124451","targetHints":{"allow":["GET"]}}],"collection":[{"href":"https:\/\/eldiariodesanpedro.com.ar\/sitio\/wp-json\/wp\/v2\/posts"}],"about":[{"href":"https:\/\/eldiariodesanpedro.com.ar\/sitio\/wp-json\/wp\/v2\/types\/post"}],"author":[{"embeddable":true,"href":"https:\/\/eldiariodesanpedro.com.ar\/sitio\/wp-json\/wp\/v2\/users\/4"}],"replies":[{"embeddable":true,"href":"https:\/\/eldiariodesanpedro.com.ar\/sitio\/wp-json\/wp\/v2\/comments?post=124451"}],"version-history":[{"count":1,"href":"https:\/\/eldiariodesanpedro.com.ar\/sitio\/wp-json\/wp\/v2\/posts\/124451\/revisions"}],"predecessor-version":[{"id":124452,"href":"https:\/\/eldiariodesanpedro.com.ar\/sitio\/wp-json\/wp\/v2\/posts\/124451\/revisions\/124452"}],"wp:featuredmedia":[{"embeddable":true,"href":"https:\/\/eldiariodesanpedro.com.ar\/sitio\/wp-json\/wp\/v2\/media\/111955"}],"wp:attachment":[{"href":"https:\/\/eldiariodesanpedro.com.ar\/sitio\/wp-json\/wp\/v2\/media?parent=124451"}],"wp:term":[{"taxonomy":"category","embeddable":true,"href":"https:\/\/eldiariodesanpedro.com.ar\/sitio\/wp-json\/wp\/v2\/categories?post=124451"},{"taxonomy":"post_tag","embeddable":true,"href":"https:\/\/eldiariodesanpedro.com.ar\/sitio\/wp-json\/wp\/v2\/tags?post=124451"}],"curies":[{"name":"wp","href":"https:\/\/api.w.org\/{rel}","templated":true}]}}