{"id":124449,"date":"2023-12-06T13:45:52","date_gmt":"2023-12-06T16:45:52","guid":{"rendered":"https:\/\/eldiariodesanpedro.com.ar\/sitio\/?p=124449"},"modified":"2023-12-06T13:45:54","modified_gmt":"2023-12-06T16:45:54","slug":"hospital-sadiv-dio-a-conocer-detalles-de-su-departamento-de-medicina-laboral","status":"publish","type":"post","link":"https:\/\/eldiariodesanpedro.com.ar\/sitio\/hospital-sadiv-dio-a-conocer-detalles-de-su-departamento-de-medicina-laboral\/","title":{"rendered":"Hospital SADIV dio a conocer detalles de su Departamento de Medicina Laboral"},"content":{"rendered":"<!-- VideographyWP Plugin Message: Automatic video embedding prevented by plugin options. -->\n\n<p>El Hospital Privado SADIV dio a conocer su ofrecimiento para empresas que requieran servicios de salud a trav\u00e9s del Departamento de Medicina Laboral.&nbsp;<\/p>\n\n\n\n<p>En tal sentido, ofrecen ex\u00e1menes, laboratorio de an\u00e1lisis, equipamiento de \u00faltima generaci\u00f3n, ex\u00e1men psicot\u00e9cnico o psico-psiqui\u00e1trico, control de ausentismo y atenci\u00f3n primaria de salud del trabajador.&nbsp;<a><\/a><\/p>\n\n\n\n<p>Tambi\u00e9n rehabilitaci\u00f3n o fisiokinsiterapia, asesoramiento m\u00e9dico legal, servicio m\u00e9dico en planta, guardia cl\u00ednica, oftalmol\u00f3gica y traumatol\u00f3gica, capacitaciones en las empresas, campa\u00f1as de vacunaci\u00f3n en planta, amplio staff de profesionales para realizaci\u00f3n de informes y servicios de A.R.T.&nbsp;<\/p>\n\n\n\n<p>Avenida Sarmiento 2795. Tel\u00e9fono (03329) 602073.&nbsp;<\/p>\n\n\n\n<p>E-Mail medicinalaboral@hpsadiv.com&nbsp;<\/p>\n","protected":false},"excerpt":{"rendered":"<p>El Hospital Privado SADIV dio a conocer su ofrecimiento para empresas que requieran servicios de salud a trav\u00e9s del Departamento de Medicina Laboral.&nbsp; En tal sentido, ofrecen ex\u00e1menes, laboratorio de an\u00e1lisis, equipamiento de \u00faltima generaci\u00f3n, ex\u00e1men psicot\u00e9cnico o psico-psiqui\u00e1trico, control de ausentismo y atenci\u00f3n primaria de salud del trabajador.&nbsp; Tambi\u00e9n rehabilitaci\u00f3n o fisiokinsiterapia, asesoramiento m\u00e9dico [&hellip;]<\/p>\n","protected":false},"author":4,"featured_media":108486,"comment_status":"closed","ping_status":"closed","sticky":false,"template":"","format":"standard","meta":{"om_disable_all_campaigns":false,"_jetpack_memberships_contains_paid_content":false,"footnotes":""},"categories":[101,2],"tags":[197,696,33,19],"class_list":["post-124449","post","type-post","status-publish","format-standard","has-post-thumbnail","hentry","category-interes-general-locales","category-locales","tag-buenos-aires","tag-interes-general","tag-locales","tag-san-pedro"],"aioseo_notices":[],"gutentor_comment":0,"jetpack_featured_media_url":"https:\/\/eldiariodesanpedro.com.ar\/sitio\/wp-content\/uploads\/2022\/06\/183073887_737063080297042_8640134725065283224_n.jpg","jetpack_shortlink":"https:\/\/wp.me\/p6RhLt-wnf","jetpack_sharing_enabled":true,"_links":{"self":[{"href":"https:\/\/eldiariodesanpedro.com.ar\/sitio\/wp-json\/wp\/v2\/posts\/124449","targetHints":{"allow":["GET"]}}],"collection":[{"href":"https:\/\/eldiariodesanpedro.com.ar\/sitio\/wp-json\/wp\/v2\/posts"}],"about":[{"href":"https:\/\/eldiariodesanpedro.com.ar\/sitio\/wp-json\/wp\/v2\/types\/post"}],"author":[{"embeddable":true,"href":"https:\/\/eldiariodesanpedro.com.ar\/sitio\/wp-json\/wp\/v2\/users\/4"}],"replies":[{"embeddable":true,"href":"https:\/\/eldiariodesanpedro.com.ar\/sitio\/wp-json\/wp\/v2\/comments?post=124449"}],"version-history":[{"count":1,"href":"https:\/\/eldiariodesanpedro.com.ar\/sitio\/wp-json\/wp\/v2\/posts\/124449\/revisions"}],"predecessor-version":[{"id":124450,"href":"https:\/\/eldiariodesanpedro.com.ar\/sitio\/wp-json\/wp\/v2\/posts\/124449\/revisions\/124450"}],"wp:featuredmedia":[{"embeddable":true,"href":"https:\/\/eldiariodesanpedro.com.ar\/sitio\/wp-json\/wp\/v2\/media\/108486"}],"wp:attachment":[{"href":"https:\/\/eldiariodesanpedro.com.ar\/sitio\/wp-json\/wp\/v2\/media?parent=124449"}],"wp:term":[{"taxonomy":"category","embeddable":true,"href":"https:\/\/eldiariodesanpedro.com.ar\/sitio\/wp-json\/wp\/v2\/categories?post=124449"},{"taxonomy":"post_tag","embeddable":true,"href":"https:\/\/eldiariodesanpedro.com.ar\/sitio\/wp-json\/wp\/v2\/tags?post=124449"}],"curies":[{"name":"wp","href":"https:\/\/api.w.org\/{rel}","templated":true}]}}