{"id":124444,"date":"2023-12-06T13:23:01","date_gmt":"2023-12-06T16:23:01","guid":{"rendered":"https:\/\/eldiariodesanpedro.com.ar\/sitio\/?p=124444"},"modified":"2023-12-06T13:23:04","modified_gmt":"2023-12-06T16:23:04","slug":"martin-rivas-aseguro-que-no-golpeo-a-nadie","status":"publish","type":"post","link":"https:\/\/eldiariodesanpedro.com.ar\/sitio\/martin-rivas-aseguro-que-no-golpeo-a-nadie\/","title":{"rendered":"Martin Rivas asegur\u00f3 que no golpe\u00f3 a nadie"},"content":{"rendered":"<!-- VideographyWP Plugin Message: Automatic video embedding prevented by plugin options. -->\n\n<p>El concejal electo por \u00abJuntos\u00bb, qued\u00f3 involucrado en un episodio luego de que una madre lo denunciara por agredir a su hijo de 15 a\u00f1os.<\/p>\n\n\n\n<p>Luego de que trascendiera la denuncia que una mujer realiz\u00f3 en contra del concejal electo Martin Rivas, el propio dirigente se encarg\u00f3 de contar lo que sucedi\u00f3 y desminti\u00f3 todo lo que se est\u00e1 diciendo en su contra.<\/p>\n\n\n\n<p>La mujer, progenitora de un menor de 15 a\u00f1os, denunci\u00f3 que su hijo fue golpeado por Rivas en el transcurso del baile de egresados de la escuela Normal que se desarrollaba esa madrugada en el club Mitre.<\/p>\n\n\n\n<p>\u00abNo tengo nada que ver\u00bb, dijo Rivas en el aire de FM G\u00e9nesis y San Pedro Informa.<\/p>\n\n\n\n<p>\u00abSolo separ\u00e9 un tumulto que se hab\u00eda generado\u00bb.<\/p>\n\n\n\n<p>El funcionario pronto a jurar como edil, se\u00f1al\u00f3 que solo atin\u00f3 a meterse para que los chicos no se agredieran.<\/p>\n\n\n\n<p>Tambi\u00e9n confirm\u00f3 que su familia radic\u00f3 la correspondiente denuncia ya que personas allegadas a la v\u00edctima provocaron desmanes en el frente de su casa.<\/p>\n","protected":false},"excerpt":{"rendered":"<p>El concejal electo por \u00abJuntos\u00bb, qued\u00f3 involucrado en un episodio luego de que una madre lo denunciara por agredir a su hijo de 15 a\u00f1os. Luego de que trascendiera la denuncia que una mujer realiz\u00f3 en contra del concejal electo Martin Rivas, el propio dirigente se encarg\u00f3 de contar lo que sucedi\u00f3 y desminti\u00f3 todo [&hellip;]<\/p>\n","protected":false},"author":4,"featured_media":124445,"comment_status":"closed","ping_status":"closed","sticky":false,"template":"","format":"standard","meta":{"om_disable_all_campaigns":false,"_jetpack_memberships_contains_paid_content":false,"footnotes":""},"categories":[50,101,2],"tags":[197,696,33,19],"class_list":["post-124444","post","type-post","status-publish","format-standard","has-post-thumbnail","hentry","category-destacadas","category-interes-general-locales","category-locales","tag-buenos-aires","tag-interes-general","tag-locales","tag-san-pedro"],"aioseo_notices":[],"gutentor_comment":0,"jetpack_featured_media_url":"https:\/\/eldiariodesanpedro.com.ar\/sitio\/wp-content\/uploads\/2023\/12\/0000022373-resized-1920x1080-1.jpg","jetpack_shortlink":"https:\/\/wp.me\/p6RhLt-wna","jetpack_sharing_enabled":true,"_links":{"self":[{"href":"https:\/\/eldiariodesanpedro.com.ar\/sitio\/wp-json\/wp\/v2\/posts\/124444","targetHints":{"allow":["GET"]}}],"collection":[{"href":"https:\/\/eldiariodesanpedro.com.ar\/sitio\/wp-json\/wp\/v2\/posts"}],"about":[{"href":"https:\/\/eldiariodesanpedro.com.ar\/sitio\/wp-json\/wp\/v2\/types\/post"}],"author":[{"embeddable":true,"href":"https:\/\/eldiariodesanpedro.com.ar\/sitio\/wp-json\/wp\/v2\/users\/4"}],"replies":[{"embeddable":true,"href":"https:\/\/eldiariodesanpedro.com.ar\/sitio\/wp-json\/wp\/v2\/comments?post=124444"}],"version-history":[{"count":1,"href":"https:\/\/eldiariodesanpedro.com.ar\/sitio\/wp-json\/wp\/v2\/posts\/124444\/revisions"}],"predecessor-version":[{"id":124446,"href":"https:\/\/eldiariodesanpedro.com.ar\/sitio\/wp-json\/wp\/v2\/posts\/124444\/revisions\/124446"}],"wp:featuredmedia":[{"embeddable":true,"href":"https:\/\/eldiariodesanpedro.com.ar\/sitio\/wp-json\/wp\/v2\/media\/124445"}],"wp:attachment":[{"href":"https:\/\/eldiariodesanpedro.com.ar\/sitio\/wp-json\/wp\/v2\/media?parent=124444"}],"wp:term":[{"taxonomy":"category","embeddable":true,"href":"https:\/\/eldiariodesanpedro.com.ar\/sitio\/wp-json\/wp\/v2\/categories?post=124444"},{"taxonomy":"post_tag","embeddable":true,"href":"https:\/\/eldiariodesanpedro.com.ar\/sitio\/wp-json\/wp\/v2\/tags?post=124444"}],"curies":[{"name":"wp","href":"https:\/\/api.w.org\/{rel}","templated":true}]}}