{"id":124441,"date":"2023-12-05T13:47:43","date_gmt":"2023-12-05T16:47:43","guid":{"rendered":"https:\/\/eldiariodesanpedro.com.ar\/sitio\/?p=124441"},"modified":"2023-12-05T13:47:45","modified_gmt":"2023-12-05T16:47:45","slug":"un-joven-aprehendido-cuando-trataba-de-robar-cable-en-la-estacion-de-trenes","status":"publish","type":"post","link":"https:\/\/eldiariodesanpedro.com.ar\/sitio\/un-joven-aprehendido-cuando-trataba-de-robar-cable-en-la-estacion-de-trenes\/","title":{"rendered":"Un joven aprehendido cuando trataba de robar cable en la estaci\u00f3n de trenes"},"content":{"rendered":"<!-- VideographyWP Plugin Message: Automatic video embedding prevented by plugin options. -->\n\n<p>En la jornada de ayer a ra\u00edz de una alerta al 911 los efectivos policiales se hicieron presentes en calle en \u00a0Zanuccoli al 90, donde el personal aprehenden a ciudadano de 35 a\u00f1os de edad quien habr\u00eda intentado sustraer cables de cobre en el predio de la estaci\u00f3n de trenes.-<\/p>\n\n\n\n<p>Interviene la \u00a0UFI N\u00b011, quedando alojado en sector calabozo a espera de primer remisi\u00f3n.<\/p>\n","protected":false},"excerpt":{"rendered":"<p>En la jornada de ayer a ra\u00edz de una alerta al 911 los efectivos policiales se hicieron presentes en calle en \u00a0Zanuccoli al 90, donde el personal aprehenden a ciudadano de 35 a\u00f1os de edad quien habr\u00eda intentado sustraer cables de cobre en el predio de la estaci\u00f3n de trenes.- Interviene la \u00a0UFI N\u00b011, quedando [&hellip;]<\/p>\n","protected":false},"author":4,"featured_media":124442,"comment_status":"closed","ping_status":"closed","sticky":false,"template":"","format":"standard","meta":{"om_disable_all_campaigns":false,"_jetpack_memberships_contains_paid_content":false,"footnotes":""},"categories":[2,103],"tags":[197,95,19],"class_list":["post-124441","post","type-post","status-publish","format-standard","has-post-thumbnail","hentry","category-locales","category-policiales-locales","tag-buenos-aires","tag-policiales","tag-san-pedro"],"aioseo_notices":[],"gutentor_comment":0,"jetpack_featured_media_url":"https:\/\/eldiariodesanpedro.com.ar\/sitio\/wp-content\/uploads\/2023\/12\/medida-4.png","jetpack_shortlink":"https:\/\/wp.me\/p6RhLt-wn7","jetpack_sharing_enabled":true,"_links":{"self":[{"href":"https:\/\/eldiariodesanpedro.com.ar\/sitio\/wp-json\/wp\/v2\/posts\/124441","targetHints":{"allow":["GET"]}}],"collection":[{"href":"https:\/\/eldiariodesanpedro.com.ar\/sitio\/wp-json\/wp\/v2\/posts"}],"about":[{"href":"https:\/\/eldiariodesanpedro.com.ar\/sitio\/wp-json\/wp\/v2\/types\/post"}],"author":[{"embeddable":true,"href":"https:\/\/eldiariodesanpedro.com.ar\/sitio\/wp-json\/wp\/v2\/users\/4"}],"replies":[{"embeddable":true,"href":"https:\/\/eldiariodesanpedro.com.ar\/sitio\/wp-json\/wp\/v2\/comments?post=124441"}],"version-history":[{"count":1,"href":"https:\/\/eldiariodesanpedro.com.ar\/sitio\/wp-json\/wp\/v2\/posts\/124441\/revisions"}],"predecessor-version":[{"id":124443,"href":"https:\/\/eldiariodesanpedro.com.ar\/sitio\/wp-json\/wp\/v2\/posts\/124441\/revisions\/124443"}],"wp:featuredmedia":[{"embeddable":true,"href":"https:\/\/eldiariodesanpedro.com.ar\/sitio\/wp-json\/wp\/v2\/media\/124442"}],"wp:attachment":[{"href":"https:\/\/eldiariodesanpedro.com.ar\/sitio\/wp-json\/wp\/v2\/media?parent=124441"}],"wp:term":[{"taxonomy":"category","embeddable":true,"href":"https:\/\/eldiariodesanpedro.com.ar\/sitio\/wp-json\/wp\/v2\/categories?post=124441"},{"taxonomy":"post_tag","embeddable":true,"href":"https:\/\/eldiariodesanpedro.com.ar\/sitio\/wp-json\/wp\/v2\/tags?post=124441"}],"curies":[{"name":"wp","href":"https:\/\/api.w.org\/{rel}","templated":true}]}}