{"id":124438,"date":"2023-12-05T11:41:05","date_gmt":"2023-12-05T14:41:05","guid":{"rendered":"https:\/\/eldiariodesanpedro.com.ar\/sitio\/?p=124438"},"modified":"2023-12-05T11:41:06","modified_gmt":"2023-12-05T14:41:06","slug":"dos-jovenes-aprehendidas-por-robar-cosmeticos-en-dos-locales-comerciales","status":"publish","type":"post","link":"https:\/\/eldiariodesanpedro.com.ar\/sitio\/dos-jovenes-aprehendidas-por-robar-cosmeticos-en-dos-locales-comerciales\/","title":{"rendered":"Dos j\u00f3venes aprehendidas por robar cosm\u00e9ticos en dos locales comerciales"},"content":{"rendered":"<!-- VideographyWP Plugin Message: Automatic video embedding prevented by plugin options. -->\n\n<p>En el d\u00eda de ayer, en horas de la tarde, el personal policial respondi\u00f3 a un llamado al 911 en la intersecci\u00f3n de las calles Belgrano y Auli de esta ciudad. <\/p>\n\n\n\n<p>Durante la intervenci\u00f3n, se demoro a dos mujeres de 29 y 17 a\u00f1os, as\u00ed como a un hombre de 22 a\u00f1os, todos implicados en el robo de productos de belleza de un comercio ubicado en 25 de Mayo al 900, propiedad de una mujer de 31 a\u00f1os. <\/p>\n\n\n\n<p>Posteriormente, tambi\u00e9n sustrajeron cosm\u00e9ticos de otro establecimiento situado en Bartolom\u00e9 Mitre al 800, a cargo de una mujer de 24 a\u00f1os. La causa est\u00e1 siendo investigada por la UFI JOVEN.<\/p>\n","protected":false},"excerpt":{"rendered":"<p>En el d\u00eda de ayer, en horas de la tarde, el personal policial respondi\u00f3 a un llamado al 911 en la intersecci\u00f3n de las calles Belgrano y Auli de esta ciudad. Durante la intervenci\u00f3n, se demoro a dos mujeres de 29 y 17 a\u00f1os, as\u00ed como a un hombre de 22 a\u00f1os, todos implicados en [&hellip;]<\/p>\n","protected":false},"author":4,"featured_media":124439,"comment_status":"closed","ping_status":"closed","sticky":false,"template":"","format":"standard","meta":{"om_disable_all_campaigns":false,"_jetpack_memberships_contains_paid_content":false,"footnotes":""},"categories":[2,103],"tags":[],"class_list":["post-124438","post","type-post","status-publish","format-standard","has-post-thumbnail","hentry","category-locales","category-policiales-locales"],"aioseo_notices":[],"gutentor_comment":0,"jetpack_featured_media_url":"https:\/\/eldiariodesanpedro.com.ar\/sitio\/wp-content\/uploads\/2023\/12\/medida-3.png","jetpack_shortlink":"https:\/\/wp.me\/p6RhLt-wn4","jetpack_sharing_enabled":true,"_links":{"self":[{"href":"https:\/\/eldiariodesanpedro.com.ar\/sitio\/wp-json\/wp\/v2\/posts\/124438","targetHints":{"allow":["GET"]}}],"collection":[{"href":"https:\/\/eldiariodesanpedro.com.ar\/sitio\/wp-json\/wp\/v2\/posts"}],"about":[{"href":"https:\/\/eldiariodesanpedro.com.ar\/sitio\/wp-json\/wp\/v2\/types\/post"}],"author":[{"embeddable":true,"href":"https:\/\/eldiariodesanpedro.com.ar\/sitio\/wp-json\/wp\/v2\/users\/4"}],"replies":[{"embeddable":true,"href":"https:\/\/eldiariodesanpedro.com.ar\/sitio\/wp-json\/wp\/v2\/comments?post=124438"}],"version-history":[{"count":1,"href":"https:\/\/eldiariodesanpedro.com.ar\/sitio\/wp-json\/wp\/v2\/posts\/124438\/revisions"}],"predecessor-version":[{"id":124440,"href":"https:\/\/eldiariodesanpedro.com.ar\/sitio\/wp-json\/wp\/v2\/posts\/124438\/revisions\/124440"}],"wp:featuredmedia":[{"embeddable":true,"href":"https:\/\/eldiariodesanpedro.com.ar\/sitio\/wp-json\/wp\/v2\/media\/124439"}],"wp:attachment":[{"href":"https:\/\/eldiariodesanpedro.com.ar\/sitio\/wp-json\/wp\/v2\/media?parent=124438"}],"wp:term":[{"taxonomy":"category","embeddable":true,"href":"https:\/\/eldiariodesanpedro.com.ar\/sitio\/wp-json\/wp\/v2\/categories?post=124438"},{"taxonomy":"post_tag","embeddable":true,"href":"https:\/\/eldiariodesanpedro.com.ar\/sitio\/wp-json\/wp\/v2\/tags?post=124438"}],"curies":[{"name":"wp","href":"https:\/\/api.w.org\/{rel}","templated":true}]}}