{"id":124435,"date":"2023-12-05T11:28:46","date_gmt":"2023-12-05T14:28:46","guid":{"rendered":"https:\/\/eldiariodesanpedro.com.ar\/sitio\/?p=124435"},"modified":"2023-12-05T11:28:48","modified_gmt":"2023-12-05T14:28:48","slug":"un-joven-aprehendido-por-destruir-el-altar-del-gauchito-gil-en-rio-tala","status":"publish","type":"post","link":"https:\/\/eldiariodesanpedro.com.ar\/sitio\/un-joven-aprehendido-por-destruir-el-altar-del-gauchito-gil-en-rio-tala\/","title":{"rendered":"Un joven aprehendido por destruir el altar del Gauchito Gil en Rio Tala"},"content":{"rendered":"<!-- VideographyWP Plugin Message: Automatic video embedding prevented by plugin options. -->\n\n<p>En la ma\u00f1ana de ayer, el personal policial del destacamento de Rio Tala respondi\u00f3 a un llamado al 911 en la intersecci\u00f3n de la ruta 1001 y ex ruta 09. <\/p>\n\n\n\n<p>Durante la intervenci\u00f3n, se procedi\u00f3 a la aprehensi\u00f3n de un individuo de 28 a\u00f1os de edad que estaba causando da\u00f1os a una edificaci\u00f3n y a las im\u00e1genes del Santuario de Gauchito Gil. <\/p>\n\n\n\n<p>El incidente fue presenciado por una mujer de 26 a\u00f1os. La Fiscal\u00eda UFI 11 est\u00e1 a cargo del caso.<\/p>\n","protected":false},"excerpt":{"rendered":"<p>En la ma\u00f1ana de ayer, el personal policial del destacamento de Rio Tala respondi\u00f3 a un llamado al 911 en la intersecci\u00f3n de la ruta 1001 y ex ruta 09. Durante la intervenci\u00f3n, se procedi\u00f3 a la aprehensi\u00f3n de un individuo de 28 a\u00f1os de edad que estaba causando da\u00f1os a una edificaci\u00f3n y a [&hellip;]<\/p>\n","protected":false},"author":4,"featured_media":124436,"comment_status":"closed","ping_status":"closed","sticky":false,"template":"","format":"standard","meta":{"om_disable_all_campaigns":false,"_jetpack_memberships_contains_paid_content":false,"footnotes":""},"categories":[50,2,103],"tags":[197,33,95,19],"class_list":["post-124435","post","type-post","status-publish","format-standard","has-post-thumbnail","hentry","category-destacadas","category-locales","category-policiales-locales","tag-buenos-aires","tag-locales","tag-policiales","tag-san-pedro"],"aioseo_notices":[],"gutentor_comment":0,"jetpack_featured_media_url":"https:\/\/eldiariodesanpedro.com.ar\/sitio\/wp-content\/uploads\/2023\/12\/medida-2.png","jetpack_shortlink":"https:\/\/wp.me\/p6RhLt-wn1","jetpack_sharing_enabled":true,"_links":{"self":[{"href":"https:\/\/eldiariodesanpedro.com.ar\/sitio\/wp-json\/wp\/v2\/posts\/124435","targetHints":{"allow":["GET"]}}],"collection":[{"href":"https:\/\/eldiariodesanpedro.com.ar\/sitio\/wp-json\/wp\/v2\/posts"}],"about":[{"href":"https:\/\/eldiariodesanpedro.com.ar\/sitio\/wp-json\/wp\/v2\/types\/post"}],"author":[{"embeddable":true,"href":"https:\/\/eldiariodesanpedro.com.ar\/sitio\/wp-json\/wp\/v2\/users\/4"}],"replies":[{"embeddable":true,"href":"https:\/\/eldiariodesanpedro.com.ar\/sitio\/wp-json\/wp\/v2\/comments?post=124435"}],"version-history":[{"count":1,"href":"https:\/\/eldiariodesanpedro.com.ar\/sitio\/wp-json\/wp\/v2\/posts\/124435\/revisions"}],"predecessor-version":[{"id":124437,"href":"https:\/\/eldiariodesanpedro.com.ar\/sitio\/wp-json\/wp\/v2\/posts\/124435\/revisions\/124437"}],"wp:featuredmedia":[{"embeddable":true,"href":"https:\/\/eldiariodesanpedro.com.ar\/sitio\/wp-json\/wp\/v2\/media\/124436"}],"wp:attachment":[{"href":"https:\/\/eldiariodesanpedro.com.ar\/sitio\/wp-json\/wp\/v2\/media?parent=124435"}],"wp:term":[{"taxonomy":"category","embeddable":true,"href":"https:\/\/eldiariodesanpedro.com.ar\/sitio\/wp-json\/wp\/v2\/categories?post=124435"},{"taxonomy":"post_tag","embeddable":true,"href":"https:\/\/eldiariodesanpedro.com.ar\/sitio\/wp-json\/wp\/v2\/tags?post=124435"}],"curies":[{"name":"wp","href":"https:\/\/api.w.org\/{rel}","templated":true}]}}