{"id":124432,"date":"2023-12-05T11:09:08","date_gmt":"2023-12-05T14:09:08","guid":{"rendered":"https:\/\/eldiariodesanpedro.com.ar\/sitio\/?p=124432"},"modified":"2023-12-05T11:09:10","modified_gmt":"2023-12-05T14:09:10","slug":"dos-menores-fueron-aprehendidos-por-robar-golosinas-de-un-comercio","status":"publish","type":"post","link":"https:\/\/eldiariodesanpedro.com.ar\/sitio\/dos-menores-fueron-aprehendidos-por-robar-golosinas-de-un-comercio\/","title":{"rendered":"Dos menores fueron aprehendidos por robar golosinas de un comercio"},"content":{"rendered":"<!-- VideographyWP Plugin Message: Automatic video embedding prevented by plugin options. -->\n\n<p>En el d\u00eda de ayer, agentes de la Comisar\u00eda respondieron a una llamada al 911 que los llev\u00f3 a la calle Ituzaing\u00f3 al 900. All\u00ed, llevaron a cabo la detenci\u00f3n de un joven de 16 a\u00f1os y su novia de 15, quienes fueron sorprendidos intentando sustraer golosinas de un supermercado. <\/p>\n\n\n\n<p>Los menores fueron informados sobre la apertura de un caso en el que la Fiscal\u00eda del Joven de San Nicol\u00e1s est\u00e1 involucrada. Posteriormente, fueron entregados a sus padres.<\/p>\n","protected":false},"excerpt":{"rendered":"<p>En el d\u00eda de ayer, agentes de la Comisar\u00eda respondieron a una llamada al 911 que los llev\u00f3 a la calle Ituzaing\u00f3 al 900. All\u00ed, llevaron a cabo la detenci\u00f3n de un joven de 16 a\u00f1os y su novia de 15, quienes fueron sorprendidos intentando sustraer golosinas de un supermercado. Los menores fueron informados sobre [&hellip;]<\/p>\n","protected":false},"author":4,"featured_media":124433,"comment_status":"closed","ping_status":"closed","sticky":false,"template":"","format":"standard","meta":{"om_disable_all_campaigns":false,"_jetpack_memberships_contains_paid_content":false,"footnotes":""},"categories":[2,103],"tags":[197,33,95,19],"class_list":["post-124432","post","type-post","status-publish","format-standard","has-post-thumbnail","hentry","category-locales","category-policiales-locales","tag-buenos-aires","tag-locales","tag-policiales","tag-san-pedro"],"aioseo_notices":[],"gutentor_comment":0,"jetpack_featured_media_url":"https:\/\/eldiariodesanpedro.com.ar\/sitio\/wp-content\/uploads\/2023\/12\/1.jpg","jetpack_shortlink":"https:\/\/wp.me\/p6RhLt-wmY","jetpack_sharing_enabled":true,"_links":{"self":[{"href":"https:\/\/eldiariodesanpedro.com.ar\/sitio\/wp-json\/wp\/v2\/posts\/124432","targetHints":{"allow":["GET"]}}],"collection":[{"href":"https:\/\/eldiariodesanpedro.com.ar\/sitio\/wp-json\/wp\/v2\/posts"}],"about":[{"href":"https:\/\/eldiariodesanpedro.com.ar\/sitio\/wp-json\/wp\/v2\/types\/post"}],"author":[{"embeddable":true,"href":"https:\/\/eldiariodesanpedro.com.ar\/sitio\/wp-json\/wp\/v2\/users\/4"}],"replies":[{"embeddable":true,"href":"https:\/\/eldiariodesanpedro.com.ar\/sitio\/wp-json\/wp\/v2\/comments?post=124432"}],"version-history":[{"count":1,"href":"https:\/\/eldiariodesanpedro.com.ar\/sitio\/wp-json\/wp\/v2\/posts\/124432\/revisions"}],"predecessor-version":[{"id":124434,"href":"https:\/\/eldiariodesanpedro.com.ar\/sitio\/wp-json\/wp\/v2\/posts\/124432\/revisions\/124434"}],"wp:featuredmedia":[{"embeddable":true,"href":"https:\/\/eldiariodesanpedro.com.ar\/sitio\/wp-json\/wp\/v2\/media\/124433"}],"wp:attachment":[{"href":"https:\/\/eldiariodesanpedro.com.ar\/sitio\/wp-json\/wp\/v2\/media?parent=124432"}],"wp:term":[{"taxonomy":"category","embeddable":true,"href":"https:\/\/eldiariodesanpedro.com.ar\/sitio\/wp-json\/wp\/v2\/categories?post=124432"},{"taxonomy":"post_tag","embeddable":true,"href":"https:\/\/eldiariodesanpedro.com.ar\/sitio\/wp-json\/wp\/v2\/tags?post=124432"}],"curies":[{"name":"wp","href":"https:\/\/api.w.org\/{rel}","templated":true}]}}