{"id":124427,"date":"2023-12-05T10:56:28","date_gmt":"2023-12-05T13:56:28","guid":{"rendered":"https:\/\/eldiariodesanpedro.com.ar\/sitio\/?p=124427"},"modified":"2023-12-05T10:56:32","modified_gmt":"2023-12-05T13:56:32","slug":"38o-edicion-de-los-paulinos-del-club-nautico","status":"publish","type":"post","link":"https:\/\/eldiariodesanpedro.com.ar\/sitio\/38o-edicion-de-los-paulinos-del-club-nautico\/","title":{"rendered":"38\u00ba edici\u00f3n de los Paulinos del Club N\u00e1utico"},"content":{"rendered":"<!-- VideographyWP Plugin Message: Automatic video embedding prevented by plugin options. -->\n\n<p>El Club N\u00e1utico San Pedro entreg\u00f3 sus tradicionales premios distinguiendo a las y los deportistas destacados en las ternas de los Paulinos 2023.<\/p>\n\n\n\n<p>La ceremonia tuvo una participativa primera parte con reconocimientos no s\u00f3lo a destacados por sus resultados deportivos, sino tambi\u00e9n a grupos que cumplen actividades recreativas y sociales en la instituci\u00f3n.<\/p>\n\n\n\n<p>M\u00e1s de 700 personas pasaron por el escenario cubriendo todas las generaciones que concurren habitualmente al club que este a\u00f1o ha celebrado su 116 aniversario.<\/p>\n\n\n\n<p>Todos los deportes tuvieron su momento destacando a individualidades y planteles que han cerrado un a\u00f1o muy importante.<\/p>\n\n\n\n<p>Se entreg\u00f3 un reconocimiento especial para los representantes que obtuvieron medallas en los Panamericanos de Chile (Julio Alsogaray y Malena Sciarra en Snipe y Gonzalo Carreras y Valent\u00edn Rossi en canotaje).<\/p>\n\n\n\n<p>Tambi\u00e9n hubo una menci\u00f3n especial para Federico Bonvisutto, que integr\u00f3 el cuerpo t\u00e9cnico de la selecci\u00f3n argentina sub 19 de voleibol que jug\u00f3 el mundial de Hungr\u00eda y Croacia.<\/p>\n\n\n\n<p><strong>Joaqu\u00edn \u00abChano\u00bb G\u00f3mez,&nbsp;<\/strong>hist\u00f3rico jugador de b\u00e1squetbol del club recibi\u00f3 la Menci\u00f3n Capit\u00e1n Monteverde.<\/p>\n\n\n\n<p>El vice comodoro Dr. Mauricio Gugger fue el encargado de abrir la ceremonia con un mensaje que recorri\u00f3 la actualidad de la instituci\u00f3n y el significado de este encuentro, que resulta una muestra concreta de la cantidad de familias que viven d\u00eda a d\u00eda el deporte y las actividades sociales de la instituci\u00f3n.<\/p>\n\n\n\n<p>En el mismo sentido el Profesor Guillermo Vel\u00e1zquez, Director de Deportes repas\u00f3 los logros de este a\u00f1o e hizo especial menci\u00f3n al trabajo que se realiza desde todos los \u00e1mbitos de la instituci\u00f3n para que el club mantenga su din\u00e1mica.<\/p>\n\n\n\n<p><strong>En el final de la noche se entregaron los Paulinos para las siete disciplinas federadas y los ganadores fueron:<\/strong><\/p>\n\n\n\n<p>\u00a0VOLEIBOL &#8211; Juana Cosentino<br>\u00a0HOCKEY &#8211; Agostina Pedicini<br>\u00a0TENIS &#8211; Francisco Padula<br>\u00a0NATACI\u00d3N &#8211; Micaela Viladomat<br>\u00a0B\u00c1SQUETBOL &#8211; Benjam\u00edn Terr\u00e9<br>\u00a0CANOTAJE &#8211; Francisco Piquioni<br>\u00a0OPTIMIST &#8211; Gino Pichetti<\/p>\n\n\n\n<figure class=\"wp-block-image size-large\"><img decoding=\"async\" width=\"1024\" height=\"576\" data-attachment-id=\"124430\" data-permalink=\"https:\/\/eldiariodesanpedro.com.ar\/sitio\/38o-edicion-de-los-paulinos-del-club-nautico\/placa-ganadores-2023\/\" data-orig-file=\"https:\/\/eldiariodesanpedro.com.ar\/sitio\/wp-content\/uploads\/2023\/12\/PLACA-GANADORES-2023.jpeg\" data-orig-size=\"1120,630\" data-comments-opened=\"0\" data-image-meta=\"{&quot;aperture&quot;:&quot;0&quot;,&quot;credit&quot;:&quot;&quot;,&quot;camera&quot;:&quot;&quot;,&quot;caption&quot;:&quot;&quot;,&quot;created_timestamp&quot;:&quot;0&quot;,&quot;copyright&quot;:&quot;&quot;,&quot;focal_length&quot;:&quot;0&quot;,&quot;iso&quot;:&quot;0&quot;,&quot;shutter_speed&quot;:&quot;0&quot;,&quot;title&quot;:&quot;&quot;,&quot;orientation&quot;:&quot;0&quot;}\" data-image-title=\"PLACA GANADORES 2023\" data-image-description=\"\" data-image-caption=\"\" data-large-file=\"https:\/\/eldiariodesanpedro.com.ar\/sitio\/wp-content\/uploads\/2023\/12\/PLACA-GANADORES-2023-1024x576.jpeg\" data-src=\"https:\/\/eldiariodesanpedro.com.ar\/sitio\/wp-content\/uploads\/2023\/12\/PLACA-GANADORES-2023-1024x576.jpeg\" alt=\"\" class=\"wp-image-124430 lazyload\" data-srcset=\"https:\/\/eldiariodesanpedro.com.ar\/sitio\/wp-content\/uploads\/2023\/12\/PLACA-GANADORES-2023-1024x576.jpeg 1024w, https:\/\/eldiariodesanpedro.com.ar\/sitio\/wp-content\/uploads\/2023\/12\/PLACA-GANADORES-2023-300x169.jpeg 300w, https:\/\/eldiariodesanpedro.com.ar\/sitio\/wp-content\/uploads\/2023\/12\/PLACA-GANADORES-2023-768x432.jpeg 768w, https:\/\/eldiariodesanpedro.com.ar\/sitio\/wp-content\/uploads\/2023\/12\/PLACA-GANADORES-2023.jpeg 1120w\" data-sizes=\"(max-width: 1024px) 100vw, 1024px\" src=\"data:image\/svg+xml;base64,PHN2ZyB3aWR0aD0iMSIgaGVpZ2h0PSIxIiB4bWxucz0iaHR0cDovL3d3dy53My5vcmcvMjAwMC9zdmciPjwvc3ZnPg==\" style=\"--smush-placeholder-width: 1024px; --smush-placeholder-aspect-ratio: 1024\/576;\" \/><\/figure>\n\n\n\n<figure class=\"wp-block-image size-full\"><img decoding=\"async\" width=\"944\" height=\"630\" data-attachment-id=\"124428\" data-permalink=\"https:\/\/eldiariodesanpedro.com.ar\/sitio\/38o-edicion-de-los-paulinos-del-club-nautico\/paulinos-2023-cnsp-1\/\" data-orig-file=\"https:\/\/eldiariodesanpedro.com.ar\/sitio\/wp-content\/uploads\/2023\/12\/PAULINOS-2023-CNSP-1.jpeg\" data-orig-size=\"944,630\" data-comments-opened=\"0\" data-image-meta=\"{&quot;aperture&quot;:&quot;0&quot;,&quot;credit&quot;:&quot;&quot;,&quot;camera&quot;:&quot;&quot;,&quot;caption&quot;:&quot;&quot;,&quot;created_timestamp&quot;:&quot;0&quot;,&quot;copyright&quot;:&quot;&quot;,&quot;focal_length&quot;:&quot;0&quot;,&quot;iso&quot;:&quot;0&quot;,&quot;shutter_speed&quot;:&quot;0&quot;,&quot;title&quot;:&quot;&quot;,&quot;orientation&quot;:&quot;0&quot;}\" data-image-title=\"PAULINOS 2023 &amp;#8211; CNSP (1)\" data-image-description=\"\" data-image-caption=\"\" data-large-file=\"https:\/\/eldiariodesanpedro.com.ar\/sitio\/wp-content\/uploads\/2023\/12\/PAULINOS-2023-CNSP-1.jpeg\" data-src=\"https:\/\/eldiariodesanpedro.com.ar\/sitio\/wp-content\/uploads\/2023\/12\/PAULINOS-2023-CNSP-1.jpeg\" alt=\"\" class=\"wp-image-124428 lazyload\" data-srcset=\"https:\/\/eldiariodesanpedro.com.ar\/sitio\/wp-content\/uploads\/2023\/12\/PAULINOS-2023-CNSP-1.jpeg 944w, https:\/\/eldiariodesanpedro.com.ar\/sitio\/wp-content\/uploads\/2023\/12\/PAULINOS-2023-CNSP-1-300x200.jpeg 300w, https:\/\/eldiariodesanpedro.com.ar\/sitio\/wp-content\/uploads\/2023\/12\/PAULINOS-2023-CNSP-1-768x513.jpeg 768w\" data-sizes=\"(max-width: 944px) 100vw, 944px\" src=\"data:image\/svg+xml;base64,PHN2ZyB3aWR0aD0iMSIgaGVpZ2h0PSIxIiB4bWxucz0iaHR0cDovL3d3dy53My5vcmcvMjAwMC9zdmciPjwvc3ZnPg==\" style=\"--smush-placeholder-width: 944px; --smush-placeholder-aspect-ratio: 944\/630;\" \/><\/figure>\n","protected":false},"excerpt":{"rendered":"<p>El Club N\u00e1utico San Pedro entreg\u00f3 sus tradicionales premios distinguiendo a las y los deportistas destacados en las ternas de los Paulinos 2023. La ceremonia tuvo una participativa primera parte con reconocimientos no s\u00f3lo a destacados por sus resultados deportivos, sino tambi\u00e9n a grupos que cumplen actividades recreativas y sociales en la instituci\u00f3n. M\u00e1s de [&hellip;]<\/p>\n","protected":false},"author":4,"featured_media":124429,"comment_status":"closed","ping_status":"closed","sticky":false,"template":"","format":"standard","meta":{"om_disable_all_campaigns":false,"_jetpack_memberships_contains_paid_content":false,"footnotes":""},"categories":[50,101,2],"tags":[197,696,33,19],"class_list":["post-124427","post","type-post","status-publish","format-standard","has-post-thumbnail","hentry","category-destacadas","category-interes-general-locales","category-locales","tag-buenos-aires","tag-interes-general","tag-locales","tag-san-pedro"],"aioseo_notices":[],"gutentor_comment":0,"jetpack_featured_media_url":"https:\/\/eldiariodesanpedro.com.ar\/sitio\/wp-content\/uploads\/2023\/12\/PAULINOS-2023-CNSP-2.jpeg","jetpack_shortlink":"https:\/\/wp.me\/p6RhLt-wmT","jetpack_sharing_enabled":true,"_links":{"self":[{"href":"https:\/\/eldiariodesanpedro.com.ar\/sitio\/wp-json\/wp\/v2\/posts\/124427","targetHints":{"allow":["GET"]}}],"collection":[{"href":"https:\/\/eldiariodesanpedro.com.ar\/sitio\/wp-json\/wp\/v2\/posts"}],"about":[{"href":"https:\/\/eldiariodesanpedro.com.ar\/sitio\/wp-json\/wp\/v2\/types\/post"}],"author":[{"embeddable":true,"href":"https:\/\/eldiariodesanpedro.com.ar\/sitio\/wp-json\/wp\/v2\/users\/4"}],"replies":[{"embeddable":true,"href":"https:\/\/eldiariodesanpedro.com.ar\/sitio\/wp-json\/wp\/v2\/comments?post=124427"}],"version-history":[{"count":1,"href":"https:\/\/eldiariodesanpedro.com.ar\/sitio\/wp-json\/wp\/v2\/posts\/124427\/revisions"}],"predecessor-version":[{"id":124431,"href":"https:\/\/eldiariodesanpedro.com.ar\/sitio\/wp-json\/wp\/v2\/posts\/124427\/revisions\/124431"}],"wp:featuredmedia":[{"embeddable":true,"href":"https:\/\/eldiariodesanpedro.com.ar\/sitio\/wp-json\/wp\/v2\/media\/124429"}],"wp:attachment":[{"href":"https:\/\/eldiariodesanpedro.com.ar\/sitio\/wp-json\/wp\/v2\/media?parent=124427"}],"wp:term":[{"taxonomy":"category","embeddable":true,"href":"https:\/\/eldiariodesanpedro.com.ar\/sitio\/wp-json\/wp\/v2\/categories?post=124427"},{"taxonomy":"post_tag","embeddable":true,"href":"https:\/\/eldiariodesanpedro.com.ar\/sitio\/wp-json\/wp\/v2\/tags?post=124427"}],"curies":[{"name":"wp","href":"https:\/\/api.w.org\/{rel}","templated":true}]}}