{"id":124419,"date":"2023-12-05T10:48:09","date_gmt":"2023-12-05T13:48:09","guid":{"rendered":"https:\/\/eldiariodesanpedro.com.ar\/sitio\/?p=124419"},"modified":"2023-12-05T10:48:12","modified_gmt":"2023-12-05T13:48:12","slug":"el-intendente-cecilio-salazar-participo-de-las-celebraciones-por-el-67-aniversario-del-inta","status":"publish","type":"post","link":"https:\/\/eldiariodesanpedro.com.ar\/sitio\/el-intendente-cecilio-salazar-participo-de-las-celebraciones-por-el-67-aniversario-del-inta\/","title":{"rendered":"El Intendente Cecilio Salazar particip\u00f3 de las celebraciones por el 67\u00b0 aniversario del INTA"},"content":{"rendered":"<!-- VideographyWP Plugin Message: Automatic video embedding prevented by plugin options. -->\n\n<p>Este lunes el Instituto Nacional de Tecnolog\u00eda Agropecuaria (INTA) celebr\u00f3 su 67\u00b0 aniversario en un acto emotivo llevado a cabo en la Agencia de Extensi\u00f3n Rural (AER) San Pedro que cont\u00f3 con la participaci\u00f3n del Intendente Cecilio Salazar y funcionarios del equipo de Gobierno Municipal.<\/p>\n\n\n\n<p>El evento, que tuvo lugar en la esquina de Mitre y Fray Cayetano Rodr\u00edguez, marc\u00f3 el reconocimiento a los 67 a\u00f1os de contribuci\u00f3n del INTA al desarrollo agropecuario y la renovaci\u00f3n del edificio de la Agencia de Extensi\u00f3n, construido en los a\u00f1os 60 y ampliado en la primera d\u00e9cada del siglo XXI con aportes de la Municipalidad de San Pedro y el INASE.<\/p>\n\n\n\n<p>En el marco de las celebraciones, la directora del INTA San Pedro, Laura Hansen fue puesta en funciones por un segundo mandato tras un nuevo concurso y fue presentado formalmente Jos\u00e9 Antonio Padula como nuevo Jefe de la Agencia de Extensi\u00f3n Rural. Adem\u00e1s, el Intendente Cecilio Salazar, firm\u00f3 convenios marco y espec\u00edficos entre la Municipalidad de San Pedro y el organismo, fortaleciendo la colaboraci\u00f3n entre el INTA y las Estaciones Experimentales Agropecuarias (EEA) Delta del Paran\u00e1 y San Pedro en diversas actividades.<\/p>\n\n\n\n<p>Participaron del encuentro el director del INTA Delta del Paran\u00e1, Dar\u00edo Ceballos; la saliente Presidenta del INASE, Silvana Babbit, el director del Centro Regional Buenos Aires Norte del INTA, Hern\u00e1n Trebino, autoridades locales, equipos t\u00e9cnicos y representantes del sector p\u00fablico y privado.<\/p>\n\n\n\n<figure class=\"wp-block-image size-full\"><img decoding=\"async\" width=\"946\" height=\"630\" data-attachment-id=\"124423\" data-permalink=\"https:\/\/eldiariodesanpedro.com.ar\/sitio\/el-intendente-cecilio-salazar-participo-de-las-celebraciones-por-el-67-aniversario-del-inta\/imagen-de-whatsapp-2023-12-05-a-las-09-15-40_5865a234\/\" data-orig-file=\"https:\/\/eldiariodesanpedro.com.ar\/sitio\/wp-content\/uploads\/2023\/12\/Imagen-de-WhatsApp-2023-12-05-a-las-09.15.40_5865a234.jpg\" data-orig-size=\"946,630\" data-comments-opened=\"0\" data-image-meta=\"{&quot;aperture&quot;:&quot;0&quot;,&quot;credit&quot;:&quot;&quot;,&quot;camera&quot;:&quot;&quot;,&quot;caption&quot;:&quot;&quot;,&quot;created_timestamp&quot;:&quot;0&quot;,&quot;copyright&quot;:&quot;&quot;,&quot;focal_length&quot;:&quot;0&quot;,&quot;iso&quot;:&quot;0&quot;,&quot;shutter_speed&quot;:&quot;0&quot;,&quot;title&quot;:&quot;&quot;,&quot;orientation&quot;:&quot;0&quot;}\" data-image-title=\"Imagen de WhatsApp 2023-12-05 a las 09.15.40_5865a234\" data-image-description=\"\" data-image-caption=\"\" data-large-file=\"https:\/\/eldiariodesanpedro.com.ar\/sitio\/wp-content\/uploads\/2023\/12\/Imagen-de-WhatsApp-2023-12-05-a-las-09.15.40_5865a234.jpg\" data-src=\"https:\/\/eldiariodesanpedro.com.ar\/sitio\/wp-content\/uploads\/2023\/12\/Imagen-de-WhatsApp-2023-12-05-a-las-09.15.40_5865a234.jpg\" alt=\"\" class=\"wp-image-124423 lazyload\" data-srcset=\"https:\/\/eldiariodesanpedro.com.ar\/sitio\/wp-content\/uploads\/2023\/12\/Imagen-de-WhatsApp-2023-12-05-a-las-09.15.40_5865a234.jpg 946w, https:\/\/eldiariodesanpedro.com.ar\/sitio\/wp-content\/uploads\/2023\/12\/Imagen-de-WhatsApp-2023-12-05-a-las-09.15.40_5865a234-300x200.jpg 300w, https:\/\/eldiariodesanpedro.com.ar\/sitio\/wp-content\/uploads\/2023\/12\/Imagen-de-WhatsApp-2023-12-05-a-las-09.15.40_5865a234-768x511.jpg 768w\" data-sizes=\"(max-width: 946px) 100vw, 946px\" src=\"data:image\/svg+xml;base64,PHN2ZyB3aWR0aD0iMSIgaGVpZ2h0PSIxIiB4bWxucz0iaHR0cDovL3d3dy53My5vcmcvMjAwMC9zdmciPjwvc3ZnPg==\" style=\"--smush-placeholder-width: 946px; --smush-placeholder-aspect-ratio: 946\/630;\" \/><\/figure>\n","protected":false},"excerpt":{"rendered":"<p>Este lunes el Instituto Nacional de Tecnolog\u00eda Agropecuaria (INTA) celebr\u00f3 su 67\u00b0 aniversario en un acto emotivo llevado a cabo en la Agencia de Extensi\u00f3n Rural (AER) San Pedro que cont\u00f3 con la participaci\u00f3n del Intendente Cecilio Salazar y funcionarios del equipo de Gobierno Municipal. El evento, que tuvo lugar en la esquina de Mitre [&hellip;]<\/p>\n","protected":false},"author":4,"featured_media":124424,"comment_status":"closed","ping_status":"closed","sticky":false,"template":"","format":"standard","meta":{"om_disable_all_campaigns":false,"_jetpack_memberships_contains_paid_content":false,"footnotes":""},"categories":[50,101,2],"tags":[197,696,33,19],"class_list":["post-124419","post","type-post","status-publish","format-standard","has-post-thumbnail","hentry","category-destacadas","category-interes-general-locales","category-locales","tag-buenos-aires","tag-interes-general","tag-locales","tag-san-pedro"],"aioseo_notices":[],"gutentor_comment":0,"jetpack_featured_media_url":"https:\/\/eldiariodesanpedro.com.ar\/sitio\/wp-content\/uploads\/2023\/12\/Imagen-de-WhatsApp-2023-12-05-a-las-09.15.41_2a8efb0a.jpg","jetpack_shortlink":"https:\/\/wp.me\/p6RhLt-wmL","jetpack_sharing_enabled":true,"_links":{"self":[{"href":"https:\/\/eldiariodesanpedro.com.ar\/sitio\/wp-json\/wp\/v2\/posts\/124419","targetHints":{"allow":["GET"]}}],"collection":[{"href":"https:\/\/eldiariodesanpedro.com.ar\/sitio\/wp-json\/wp\/v2\/posts"}],"about":[{"href":"https:\/\/eldiariodesanpedro.com.ar\/sitio\/wp-json\/wp\/v2\/types\/post"}],"author":[{"embeddable":true,"href":"https:\/\/eldiariodesanpedro.com.ar\/sitio\/wp-json\/wp\/v2\/users\/4"}],"replies":[{"embeddable":true,"href":"https:\/\/eldiariodesanpedro.com.ar\/sitio\/wp-json\/wp\/v2\/comments?post=124419"}],"version-history":[{"count":1,"href":"https:\/\/eldiariodesanpedro.com.ar\/sitio\/wp-json\/wp\/v2\/posts\/124419\/revisions"}],"predecessor-version":[{"id":124426,"href":"https:\/\/eldiariodesanpedro.com.ar\/sitio\/wp-json\/wp\/v2\/posts\/124419\/revisions\/124426"}],"wp:featuredmedia":[{"embeddable":true,"href":"https:\/\/eldiariodesanpedro.com.ar\/sitio\/wp-json\/wp\/v2\/media\/124424"}],"wp:attachment":[{"href":"https:\/\/eldiariodesanpedro.com.ar\/sitio\/wp-json\/wp\/v2\/media?parent=124419"}],"wp:term":[{"taxonomy":"category","embeddable":true,"href":"https:\/\/eldiariodesanpedro.com.ar\/sitio\/wp-json\/wp\/v2\/categories?post=124419"},{"taxonomy":"post_tag","embeddable":true,"href":"https:\/\/eldiariodesanpedro.com.ar\/sitio\/wp-json\/wp\/v2\/tags?post=124419"}],"curies":[{"name":"wp","href":"https:\/\/api.w.org\/{rel}","templated":true}]}}