{"id":124414,"date":"2023-12-05T10:41:34","date_gmt":"2023-12-05T13:41:34","guid":{"rendered":"https:\/\/eldiariodesanpedro.com.ar\/sitio\/?p=124414"},"modified":"2023-12-05T10:41:36","modified_gmt":"2023-12-05T13:41:36","slug":"nueva-entrega-de-netbooks-en-instituciones-educativas","status":"publish","type":"post","link":"https:\/\/eldiariodesanpedro.com.ar\/sitio\/nueva-entrega-de-netbooks-en-instituciones-educativas\/","title":{"rendered":"Nueva entrega de Netbooks en Instituciones Educativas"},"content":{"rendered":"<!-- VideographyWP Plugin Message: Automatic video embedding prevented by plugin options. -->\n\n<p>Ayer en la ma\u00f1ana se concret\u00f3 una nueva entrega de netbooks a estudiantes de escuelas secundarias del distrito, en esta ocasi\u00f3n en la Escuela Secundaria N\u00b0 5 y su extensi\u00f3n de Vuelta de Obligado, en el marco el Programa Conectar Igualdad que es impulsado desde el Ministerio de Educaci\u00f3n de la Naci\u00f3n.<\/p>\n\n\n\n<p>Participaron durante la actividad la Jefa Distrital de Educaci\u00f3n, Lorena L\u00f3pez; la Inspectora de Nivel Secundario, Luc\u00eda Barbieri; el Referente de Tecnolog\u00eda del Distrito, Marcelo Corbal\u00e1n y el Secretario Coordinador del Consejo Provincial de Educaci\u00f3n y Trabajo, Alan Ocampo.<\/p>\n\n\n\n<p>Durante la jornada fueron entregadas 56 netbooks en la sede de la Escuela N\u00b0 5 y 11 en su extensi\u00f3n de Vuelta de Obligado.<\/p>\n","protected":false},"excerpt":{"rendered":"<p>Ayer en la ma\u00f1ana se concret\u00f3 una nueva entrega de netbooks a estudiantes de escuelas secundarias del distrito, en esta ocasi\u00f3n en la Escuela Secundaria N\u00b0 5 y su extensi\u00f3n de Vuelta de Obligado, en el marco el Programa Conectar Igualdad que es impulsado desde el Ministerio de Educaci\u00f3n de la Naci\u00f3n. Participaron durante la [&hellip;]<\/p>\n","protected":false},"author":4,"featured_media":124415,"comment_status":"closed","ping_status":"closed","sticky":false,"template":"","format":"standard","meta":{"om_disable_all_campaigns":false,"_jetpack_memberships_contains_paid_content":false,"footnotes":""},"categories":[50,101,2],"tags":[197,696,33,19],"class_list":["post-124414","post","type-post","status-publish","format-standard","has-post-thumbnail","hentry","category-destacadas","category-interes-general-locales","category-locales","tag-buenos-aires","tag-interes-general","tag-locales","tag-san-pedro"],"aioseo_notices":[],"gutentor_comment":0,"jetpack_featured_media_url":"https:\/\/eldiariodesanpedro.com.ar\/sitio\/wp-content\/uploads\/2023\/12\/Imagen-de-WhatsApp-2023-12-04-a-las-12.24.09_d66346d4.jpg","jetpack_shortlink":"https:\/\/wp.me\/p6RhLt-wmG","jetpack_sharing_enabled":true,"_links":{"self":[{"href":"https:\/\/eldiariodesanpedro.com.ar\/sitio\/wp-json\/wp\/v2\/posts\/124414","targetHints":{"allow":["GET"]}}],"collection":[{"href":"https:\/\/eldiariodesanpedro.com.ar\/sitio\/wp-json\/wp\/v2\/posts"}],"about":[{"href":"https:\/\/eldiariodesanpedro.com.ar\/sitio\/wp-json\/wp\/v2\/types\/post"}],"author":[{"embeddable":true,"href":"https:\/\/eldiariodesanpedro.com.ar\/sitio\/wp-json\/wp\/v2\/users\/4"}],"replies":[{"embeddable":true,"href":"https:\/\/eldiariodesanpedro.com.ar\/sitio\/wp-json\/wp\/v2\/comments?post=124414"}],"version-history":[{"count":1,"href":"https:\/\/eldiariodesanpedro.com.ar\/sitio\/wp-json\/wp\/v2\/posts\/124414\/revisions"}],"predecessor-version":[{"id":124418,"href":"https:\/\/eldiariodesanpedro.com.ar\/sitio\/wp-json\/wp\/v2\/posts\/124414\/revisions\/124418"}],"wp:featuredmedia":[{"embeddable":true,"href":"https:\/\/eldiariodesanpedro.com.ar\/sitio\/wp-json\/wp\/v2\/media\/124415"}],"wp:attachment":[{"href":"https:\/\/eldiariodesanpedro.com.ar\/sitio\/wp-json\/wp\/v2\/media?parent=124414"}],"wp:term":[{"taxonomy":"category","embeddable":true,"href":"https:\/\/eldiariodesanpedro.com.ar\/sitio\/wp-json\/wp\/v2\/categories?post=124414"},{"taxonomy":"post_tag","embeddable":true,"href":"https:\/\/eldiariodesanpedro.com.ar\/sitio\/wp-json\/wp\/v2\/tags?post=124414"}],"curies":[{"name":"wp","href":"https:\/\/api.w.org\/{rel}","templated":true}]}}