{"id":124411,"date":"2023-12-05T10:33:49","date_gmt":"2023-12-05T13:33:49","guid":{"rendered":"https:\/\/eldiariodesanpedro.com.ar\/sitio\/?p=124411"},"modified":"2023-12-05T10:33:51","modified_gmt":"2023-12-05T13:33:51","slug":"san-pedro-sacrificaron-un-caballo-con-encefalomielitis","status":"publish","type":"post","link":"https:\/\/eldiariodesanpedro.com.ar\/sitio\/san-pedro-sacrificaron-un-caballo-con-encefalomielitis\/","title":{"rendered":"San Pedro: sacrificaron un caballo con Encefalomielitis"},"content":{"rendered":"<!-- VideographyWP Plugin Message: Automatic video embedding prevented by plugin options. -->\n\n<p>En el marco de la emergencia declarada por los&nbsp;<strong>brotes de encefalomielitis equinas<\/strong>&nbsp;(EE) en el pa\u00eds por parte del Servicio Nacional de Sanidad y Calidad Agroalimentaria (<strong>Senasa<\/strong>), es que se detect\u00f3&nbsp;<strong>en San Pedro un caballo que debi\u00f3 ser sacrificado tras haberle diagnosticado que sufr\u00eda de dicha afecci\u00f3n.&nbsp;<\/strong><\/p>\n\n\n\n<p>Su due\u00f1o, muy angustiado por la situaci\u00f3n, cont\u00f3 el episodio: \u00abNo hubo forma de salvarlo, ten\u00eda muy afectado el cerebro, muy inflamado, el veterinario hizo todo lo que tuvo a su alcance. Pero lamentablemente, no hab\u00eda forma de tenerlo se golpeaba la cabeza, estaba como ciego, ya no tomaba agua, tratamos de hacer todo lo que tuvo a nuestro alcance. Ten\u00eda un ataque de nervios y no se lo pod\u00eda tener, le pon\u00edamos almohad\u00f3n para que no se lastimara cuando se ca\u00eda y bueno, el veterinario me dijo que hab\u00eda que sacrificarlo\u00bb. Miguel se\u00f1al\u00f3 conmovido, que fue corta la enfermedad, pocos d\u00edas, \u00abpero muy fuerte\u00bb.<\/p>\n\n\n\n<p>Ahora, entre muchos propietarios de caballos, se encuentran preocupados porque no encuentran donde adquirir las vacunas.<\/p>\n","protected":false},"excerpt":{"rendered":"<p>En el marco de la emergencia declarada por los&nbsp;brotes de encefalomielitis equinas&nbsp;(EE) en el pa\u00eds por parte del Servicio Nacional de Sanidad y Calidad Agroalimentaria (Senasa), es que se detect\u00f3&nbsp;en San Pedro un caballo que debi\u00f3 ser sacrificado tras haberle diagnosticado que sufr\u00eda de dicha afecci\u00f3n.&nbsp; Su due\u00f1o, muy angustiado por la situaci\u00f3n, cont\u00f3 el [&hellip;]<\/p>\n","protected":false},"author":4,"featured_media":124412,"comment_status":"closed","ping_status":"closed","sticky":false,"template":"","format":"standard","meta":{"om_disable_all_campaigns":false,"_jetpack_memberships_contains_paid_content":false,"footnotes":""},"categories":[101,2],"tags":[197,696,33,19],"class_list":["post-124411","post","type-post","status-publish","format-standard","has-post-thumbnail","hentry","category-interes-general-locales","category-locales","tag-buenos-aires","tag-interes-general","tag-locales","tag-san-pedro"],"aioseo_notices":[],"gutentor_comment":0,"jetpack_featured_media_url":"https:\/\/eldiariodesanpedro.com.ar\/sitio\/wp-content\/uploads\/2023\/12\/caballo.jpg","jetpack_shortlink":"https:\/\/wp.me\/p6RhLt-wmD","jetpack_sharing_enabled":true,"_links":{"self":[{"href":"https:\/\/eldiariodesanpedro.com.ar\/sitio\/wp-json\/wp\/v2\/posts\/124411","targetHints":{"allow":["GET"]}}],"collection":[{"href":"https:\/\/eldiariodesanpedro.com.ar\/sitio\/wp-json\/wp\/v2\/posts"}],"about":[{"href":"https:\/\/eldiariodesanpedro.com.ar\/sitio\/wp-json\/wp\/v2\/types\/post"}],"author":[{"embeddable":true,"href":"https:\/\/eldiariodesanpedro.com.ar\/sitio\/wp-json\/wp\/v2\/users\/4"}],"replies":[{"embeddable":true,"href":"https:\/\/eldiariodesanpedro.com.ar\/sitio\/wp-json\/wp\/v2\/comments?post=124411"}],"version-history":[{"count":1,"href":"https:\/\/eldiariodesanpedro.com.ar\/sitio\/wp-json\/wp\/v2\/posts\/124411\/revisions"}],"predecessor-version":[{"id":124413,"href":"https:\/\/eldiariodesanpedro.com.ar\/sitio\/wp-json\/wp\/v2\/posts\/124411\/revisions\/124413"}],"wp:featuredmedia":[{"embeddable":true,"href":"https:\/\/eldiariodesanpedro.com.ar\/sitio\/wp-json\/wp\/v2\/media\/124412"}],"wp:attachment":[{"href":"https:\/\/eldiariodesanpedro.com.ar\/sitio\/wp-json\/wp\/v2\/media?parent=124411"}],"wp:term":[{"taxonomy":"category","embeddable":true,"href":"https:\/\/eldiariodesanpedro.com.ar\/sitio\/wp-json\/wp\/v2\/categories?post=124411"},{"taxonomy":"post_tag","embeddable":true,"href":"https:\/\/eldiariodesanpedro.com.ar\/sitio\/wp-json\/wp\/v2\/tags?post=124411"}],"curies":[{"name":"wp","href":"https:\/\/api.w.org\/{rel}","templated":true}]}}