{"id":124408,"date":"2023-12-05T10:14:26","date_gmt":"2023-12-05T13:14:26","guid":{"rendered":"https:\/\/eldiariodesanpedro.com.ar\/sitio\/?p=124408"},"modified":"2023-12-05T10:14:28","modified_gmt":"2023-12-05T13:14:28","slug":"denunciaron-al-concejal-electo-martin-rivas-por-golpear-a-un-adolescente-en-un-baile-de-egresados","status":"publish","type":"post","link":"https:\/\/eldiariodesanpedro.com.ar\/sitio\/denunciaron-al-concejal-electo-martin-rivas-por-golpear-a-un-adolescente-en-un-baile-de-egresados\/","title":{"rendered":"Denunciaron al concejal electo Mart\u00edn Rivas por golpear a un adolescente en un baile de egresados"},"content":{"rendered":"<!-- VideographyWP Plugin Message: Automatic video embedding prevented by plugin options. -->\n\n<p>El incidente ocurri\u00f3 en la madrugada del domingo, una mujer de 35 a\u00f1os denunci\u00f3 en la dependencia policial cuando su hijo de 15 a\u00f1os, asisti\u00f3 a la fiesta de egresados de la Escuela Normal, la cual se llev\u00f3 a cabo en el predio del Club Mitre, ubicado en la intersecci\u00f3n de las calles Caseros y Na\u00f3n.<\/p>\n\n\n\n<p>Seg\u00fan el informe policial, alrededor de las 04:00 hs., en el sector del campo, el concejal electo Mart\u00edn Rivas, conocido de vista por la denunciante, se aproxim\u00f3 al joven y \u00abcomenz\u00f3 a propinarle golpes de pu\u00f1o en cabeza, nuca y en la cara, lesionando labios y boca, mismo car\u00e1cter leves\u00bb, seg\u00fan expresa la denuncia.<\/p>\n\n\n\n<p>La denuncia ha sido presentada ante la Unidad Fiscal de Instrucci\u00f3n n\u00famero 11 (UFI 11), que avanzar\u00e1 en la investigaci\u00f3n del hecho.<\/p>\n","protected":false},"excerpt":{"rendered":"<p>El incidente ocurri\u00f3 en la madrugada del domingo, una mujer de 35 a\u00f1os denunci\u00f3 en la dependencia policial cuando su hijo de 15 a\u00f1os, asisti\u00f3 a la fiesta de egresados de la Escuela Normal, la cual se llev\u00f3 a cabo en el predio del Club Mitre, ubicado en la intersecci\u00f3n de las calles Caseros y [&hellip;]<\/p>\n","protected":false},"author":4,"featured_media":124409,"comment_status":"closed","ping_status":"closed","sticky":false,"template":"","format":"standard","meta":{"om_disable_all_campaigns":false,"_jetpack_memberships_contains_paid_content":false,"footnotes":""},"categories":[50,101,2],"tags":[197,33,95,19],"class_list":["post-124408","post","type-post","status-publish","format-standard","has-post-thumbnail","hentry","category-destacadas","category-interes-general-locales","category-locales","tag-buenos-aires","tag-locales","tag-policiales","tag-san-pedro"],"aioseo_notices":[],"gutentor_comment":0,"jetpack_featured_media_url":"https:\/\/eldiariodesanpedro.com.ar\/sitio\/wp-content\/uploads\/2023\/12\/242323216_236106371808106_8074316092441587732_n.jpg","jetpack_shortlink":"https:\/\/wp.me\/p6RhLt-wmA","jetpack_sharing_enabled":true,"_links":{"self":[{"href":"https:\/\/eldiariodesanpedro.com.ar\/sitio\/wp-json\/wp\/v2\/posts\/124408","targetHints":{"allow":["GET"]}}],"collection":[{"href":"https:\/\/eldiariodesanpedro.com.ar\/sitio\/wp-json\/wp\/v2\/posts"}],"about":[{"href":"https:\/\/eldiariodesanpedro.com.ar\/sitio\/wp-json\/wp\/v2\/types\/post"}],"author":[{"embeddable":true,"href":"https:\/\/eldiariodesanpedro.com.ar\/sitio\/wp-json\/wp\/v2\/users\/4"}],"replies":[{"embeddable":true,"href":"https:\/\/eldiariodesanpedro.com.ar\/sitio\/wp-json\/wp\/v2\/comments?post=124408"}],"version-history":[{"count":1,"href":"https:\/\/eldiariodesanpedro.com.ar\/sitio\/wp-json\/wp\/v2\/posts\/124408\/revisions"}],"predecessor-version":[{"id":124410,"href":"https:\/\/eldiariodesanpedro.com.ar\/sitio\/wp-json\/wp\/v2\/posts\/124408\/revisions\/124410"}],"wp:featuredmedia":[{"embeddable":true,"href":"https:\/\/eldiariodesanpedro.com.ar\/sitio\/wp-json\/wp\/v2\/media\/124409"}],"wp:attachment":[{"href":"https:\/\/eldiariodesanpedro.com.ar\/sitio\/wp-json\/wp\/v2\/media?parent=124408"}],"wp:term":[{"taxonomy":"category","embeddable":true,"href":"https:\/\/eldiariodesanpedro.com.ar\/sitio\/wp-json\/wp\/v2\/categories?post=124408"},{"taxonomy":"post_tag","embeddable":true,"href":"https:\/\/eldiariodesanpedro.com.ar\/sitio\/wp-json\/wp\/v2\/tags?post=124408"}],"curies":[{"name":"wp","href":"https:\/\/api.w.org\/{rel}","templated":true}]}}