{"id":124405,"date":"2023-12-04T19:14:53","date_gmt":"2023-12-04T22:14:53","guid":{"rendered":"https:\/\/eldiariodesanpedro.com.ar\/sitio\/?p=124405"},"modified":"2023-12-04T19:14:55","modified_gmt":"2023-12-04T22:14:55","slug":"choque-entre-una-camioneta-y-una-moto-una-joven-de-25-anos-sufrio-lesiones","status":"publish","type":"post","link":"https:\/\/eldiariodesanpedro.com.ar\/sitio\/choque-entre-una-camioneta-y-una-moto-una-joven-de-25-anos-sufrio-lesiones\/","title":{"rendered":"Choque entre una camioneta y una moto: una joven de 25 a\u00f1os sufri\u00f3 lesiones"},"content":{"rendered":"<!-- VideographyWP Plugin Message: Automatic video embedding prevented by plugin options. -->\n\n<p>En la tarde de ayer, se produjo un choque la intersecci\u00f3n de calle Balcarce y avenida 11 de Septiembre, entre un autom\u00f3vil Volkswagen Gol gris, conducido por un joven de 21 a\u00f1os, y una motocicleta Yamaha Ybr negra, cuyo conductor ten\u00eda 38 a\u00f1os y estaba acompa\u00f1ado por una persona de 25 a\u00f1os.<\/p>\n\n\n\n<p>Las circunstancias que llevaron al choque est\u00e1n siendo investigadas para determinar las causas exactas del incidente.<\/p>\n\n\n\n<p>Como resultado de la colisi\u00f3n, el ocupante del rodado menor fue trasladada a la guardia del hospital local debido a lesiones de car\u00e1cter leve que sufri\u00f3 en miembros superiores. Mientras que los conductores de ambos rodados resultaron ilesos.<\/p>\n\n\n\n<p>En este caso, la Unidad Fiscal de Instrucci\u00f3n n\u00famero 11 (UFI 11) intervendr\u00e1 para llevar a cabo las investigaciones pertinentes y esclarecer los hechos.<\/p>\n","protected":false},"excerpt":{"rendered":"<p>En la tarde de ayer, se produjo un choque la intersecci\u00f3n de calle Balcarce y avenida 11 de Septiembre, entre un autom\u00f3vil Volkswagen Gol gris, conducido por un joven de 21 a\u00f1os, y una motocicleta Yamaha Ybr negra, cuyo conductor ten\u00eda 38 a\u00f1os y estaba acompa\u00f1ado por una persona de 25 a\u00f1os. Las circunstancias que [&hellip;]<\/p>\n","protected":false},"author":4,"featured_media":124406,"comment_status":"closed","ping_status":"closed","sticky":false,"template":"","format":"standard","meta":{"om_disable_all_campaigns":false,"_jetpack_memberships_contains_paid_content":false,"footnotes":""},"categories":[2,103],"tags":[197,33,95,19],"class_list":["post-124405","post","type-post","status-publish","format-standard","has-post-thumbnail","hentry","category-locales","category-policiales-locales","tag-buenos-aires","tag-locales","tag-policiales","tag-san-pedro"],"aioseo_notices":[],"gutentor_comment":0,"jetpack_featured_media_url":"https:\/\/eldiariodesanpedro.com.ar\/sitio\/wp-content\/uploads\/2023\/12\/choque-moto-auto.jpg","jetpack_shortlink":"https:\/\/wp.me\/p6RhLt-wmx","jetpack_sharing_enabled":true,"_links":{"self":[{"href":"https:\/\/eldiariodesanpedro.com.ar\/sitio\/wp-json\/wp\/v2\/posts\/124405","targetHints":{"allow":["GET"]}}],"collection":[{"href":"https:\/\/eldiariodesanpedro.com.ar\/sitio\/wp-json\/wp\/v2\/posts"}],"about":[{"href":"https:\/\/eldiariodesanpedro.com.ar\/sitio\/wp-json\/wp\/v2\/types\/post"}],"author":[{"embeddable":true,"href":"https:\/\/eldiariodesanpedro.com.ar\/sitio\/wp-json\/wp\/v2\/users\/4"}],"replies":[{"embeddable":true,"href":"https:\/\/eldiariodesanpedro.com.ar\/sitio\/wp-json\/wp\/v2\/comments?post=124405"}],"version-history":[{"count":1,"href":"https:\/\/eldiariodesanpedro.com.ar\/sitio\/wp-json\/wp\/v2\/posts\/124405\/revisions"}],"predecessor-version":[{"id":124407,"href":"https:\/\/eldiariodesanpedro.com.ar\/sitio\/wp-json\/wp\/v2\/posts\/124405\/revisions\/124407"}],"wp:featuredmedia":[{"embeddable":true,"href":"https:\/\/eldiariodesanpedro.com.ar\/sitio\/wp-json\/wp\/v2\/media\/124406"}],"wp:attachment":[{"href":"https:\/\/eldiariodesanpedro.com.ar\/sitio\/wp-json\/wp\/v2\/media?parent=124405"}],"wp:term":[{"taxonomy":"category","embeddable":true,"href":"https:\/\/eldiariodesanpedro.com.ar\/sitio\/wp-json\/wp\/v2\/categories?post=124405"},{"taxonomy":"post_tag","embeddable":true,"href":"https:\/\/eldiariodesanpedro.com.ar\/sitio\/wp-json\/wp\/v2\/tags?post=124405"}],"curies":[{"name":"wp","href":"https:\/\/api.w.org\/{rel}","templated":true}]}}