{"id":124329,"date":"2023-11-30T11:12:11","date_gmt":"2023-11-30T14:12:11","guid":{"rendered":"https:\/\/eldiariodesanpedro.com.ar\/sitio\/?p=124329"},"modified":"2023-11-30T11:12:14","modified_gmt":"2023-11-30T14:12:14","slug":"ciclo-lectivo-2024-cuando-comienzas-las-clases-en-la-provincia","status":"publish","type":"post","link":"https:\/\/eldiariodesanpedro.com.ar\/sitio\/ciclo-lectivo-2024-cuando-comienzas-las-clases-en-la-provincia\/","title":{"rendered":"Ciclo lectivo 2024: \u00bfCu\u00e1ndo comienzas las clases en la Provincia?"},"content":{"rendered":"<!-- VideographyWP Plugin Message: Automatic video embedding prevented by plugin options. -->\n\n<p>La Direcci\u00f3n General de Cultura y Educaci\u00f3n de la provincia de Buenos Aires estableci\u00f3 hoy que el ciclo escolar 2024 comenzar\u00e1 el viernes 1\u00b0 de marzo en las escuelas de esa jurisdicci\u00f3n, informaron fuentes del Poder Ejecutivo.<\/p>\n\n\n\n<p>La decisi\u00f3n se inform\u00f3 esta tarde y desde la cartera educativa precisaron que ma\u00f1ana se brindar\u00e1n precisiones en torno al receso invernal y a la fecha de finalizaci\u00f3n de clases.<a><\/a><\/p>\n\n\n\n<p>En los \u00faltimos cuatro a\u00f1os, en esa jurisdicci\u00f3n se cumplieron los 190 d\u00edas de clases dado que se han alcanzado acuerdos con los gremios del sector en las negociaciones paritarias, con lo cual se evitaron paros.&nbsp;<\/p>\n","protected":false},"excerpt":{"rendered":"<p>La Direcci\u00f3n General de Cultura y Educaci\u00f3n de la provincia de Buenos Aires estableci\u00f3 hoy que el ciclo escolar 2024 comenzar\u00e1 el viernes 1\u00b0 de marzo en las escuelas de esa jurisdicci\u00f3n, informaron fuentes del Poder Ejecutivo. La decisi\u00f3n se inform\u00f3 esta tarde y desde la cartera educativa precisaron que ma\u00f1ana se brindar\u00e1n precisiones en [&hellip;]<\/p>\n","protected":false},"author":4,"featured_media":87445,"comment_status":"closed","ping_status":"closed","sticky":false,"template":"","format":"standard","meta":{"om_disable_all_campaigns":false,"_jetpack_memberships_contains_paid_content":false,"footnotes":""},"categories":[101,2],"tags":[197,696,33,19],"class_list":["post-124329","post","type-post","status-publish","format-standard","has-post-thumbnail","hentry","category-interes-general-locales","category-locales","tag-buenos-aires","tag-interes-general","tag-locales","tag-san-pedro"],"aioseo_notices":[],"gutentor_comment":0,"jetpack_featured_media_url":"https:\/\/eldiariodesanpedro.com.ar\/sitio\/wp-content\/uploads\/2021\/02\/docentes-clases.jpg","jetpack_shortlink":"https:\/\/wp.me\/p6RhLt-wlj","jetpack_sharing_enabled":true,"_links":{"self":[{"href":"https:\/\/eldiariodesanpedro.com.ar\/sitio\/wp-json\/wp\/v2\/posts\/124329","targetHints":{"allow":["GET"]}}],"collection":[{"href":"https:\/\/eldiariodesanpedro.com.ar\/sitio\/wp-json\/wp\/v2\/posts"}],"about":[{"href":"https:\/\/eldiariodesanpedro.com.ar\/sitio\/wp-json\/wp\/v2\/types\/post"}],"author":[{"embeddable":true,"href":"https:\/\/eldiariodesanpedro.com.ar\/sitio\/wp-json\/wp\/v2\/users\/4"}],"replies":[{"embeddable":true,"href":"https:\/\/eldiariodesanpedro.com.ar\/sitio\/wp-json\/wp\/v2\/comments?post=124329"}],"version-history":[{"count":1,"href":"https:\/\/eldiariodesanpedro.com.ar\/sitio\/wp-json\/wp\/v2\/posts\/124329\/revisions"}],"predecessor-version":[{"id":124330,"href":"https:\/\/eldiariodesanpedro.com.ar\/sitio\/wp-json\/wp\/v2\/posts\/124329\/revisions\/124330"}],"wp:featuredmedia":[{"embeddable":true,"href":"https:\/\/eldiariodesanpedro.com.ar\/sitio\/wp-json\/wp\/v2\/media\/87445"}],"wp:attachment":[{"href":"https:\/\/eldiariodesanpedro.com.ar\/sitio\/wp-json\/wp\/v2\/media?parent=124329"}],"wp:term":[{"taxonomy":"category","embeddable":true,"href":"https:\/\/eldiariodesanpedro.com.ar\/sitio\/wp-json\/wp\/v2\/categories?post=124329"},{"taxonomy":"post_tag","embeddable":true,"href":"https:\/\/eldiariodesanpedro.com.ar\/sitio\/wp-json\/wp\/v2\/tags?post=124329"}],"curies":[{"name":"wp","href":"https:\/\/api.w.org\/{rel}","templated":true}]}}