{"id":124325,"date":"2023-11-30T10:31:28","date_gmt":"2023-11-30T13:31:28","guid":{"rendered":"https:\/\/eldiariodesanpedro.com.ar\/sitio\/?p=124325"},"modified":"2023-11-30T10:31:30","modified_gmt":"2023-11-30T13:31:30","slug":"se-busca-a-mia-de-13-anos-en-san-pedro","status":"publish","type":"post","link":"https:\/\/eldiariodesanpedro.com.ar\/sitio\/se-busca-a-mia-de-13-anos-en-san-pedro\/","title":{"rendered":"\u00a0Se busca a Mia de 13 a\u00f1os, en San Pedro"},"content":{"rendered":"<!-- VideographyWP Plugin Message: Automatic video embedding prevented by plugin options. -->\n\n<p>En un hecho de averiguaci\u00f3n de paradero, las autoridades policiales de nuestra ciudad han solicitado la colaboraci\u00f3n activa de la comunidad para localizar a Mia Victoria Corcor\u00e1n, una joven de 13 a\u00f1os, oriunda de la ciudad de San Pedro.<\/p>\n\n\n\n<p>La menor fue reportada como ausente de su lugar de residencia, en el Hogar Mar\u00eda de Gomendio (en calle 9 de Julio N\u00b0 250). La joven, de 1,57 metros de estatura, delgada y tez blanca, tiene ojos marrones y cabellos largos, ondulados y casta\u00f1os.<\/p>\n\n\n\n<p>La \u00faltima vez que fue vista, llevaba un top de color gris con corazones y calzas cortas de color celeste con flores.<\/p>\n\n\n\n<p>Cualquier informaci\u00f3n relevante que pueda ayudar a dar con el paradero de Mia Victoria Corcoran es crucial. Por favor, comun\u00edquese de inmediato a los siguientes n\u00fameros de tel\u00e9fono de emergencia: 911, 425788, 425221, 437876428047, 422954. Tambi\u00e9n puede acercarse personalmente a cualquier dependencia policial cercana.<\/p>\n\n\n<a href=\"https:\/\/eldiariodesanpedro.com.ar\/sitio\/wp-content\/uploads\/2023\/11\/CamScanner-30-11-2023-07.21.pdf\" class=\"pdfemb-viewer\" style=\"\" data-width=\"max\" data-height=\"max\" data-toolbar=\"bottom\" data-toolbar-fixed=\"off\">CamScanner-30-11-2023-07.21<\/a>\n<p class=\"wp-block-pdfemb-pdf-embedder-viewer\"><\/p>\n","protected":false},"excerpt":{"rendered":"<p>En un hecho de averiguaci\u00f3n de paradero, las autoridades policiales de nuestra ciudad han solicitado la colaboraci\u00f3n activa de la comunidad para localizar a Mia Victoria Corcor\u00e1n, una joven de 13 a\u00f1os, oriunda de la ciudad de San Pedro. La menor fue reportada como ausente de su lugar de residencia, en el Hogar Mar\u00eda de [&hellip;]<\/p>\n","protected":false},"author":4,"featured_media":124326,"comment_status":"closed","ping_status":"closed","sticky":false,"template":"","format":"standard","meta":{"om_disable_all_campaigns":false,"_jetpack_memberships_contains_paid_content":false,"footnotes":""},"categories":[50,2,103],"tags":[197,33,95,19],"class_list":["post-124325","post","type-post","status-publish","format-standard","has-post-thumbnail","hentry","category-destacadas","category-locales","category-policiales-locales","tag-buenos-aires","tag-locales","tag-policiales","tag-san-pedro"],"aioseo_notices":[],"gutentor_comment":0,"jetpack_featured_media_url":"https:\/\/eldiariodesanpedro.com.ar\/sitio\/wp-content\/uploads\/2023\/11\/menor-buscada.jpg","jetpack_shortlink":"https:\/\/wp.me\/p6RhLt-wlf","jetpack_sharing_enabled":true,"_links":{"self":[{"href":"https:\/\/eldiariodesanpedro.com.ar\/sitio\/wp-json\/wp\/v2\/posts\/124325","targetHints":{"allow":["GET"]}}],"collection":[{"href":"https:\/\/eldiariodesanpedro.com.ar\/sitio\/wp-json\/wp\/v2\/posts"}],"about":[{"href":"https:\/\/eldiariodesanpedro.com.ar\/sitio\/wp-json\/wp\/v2\/types\/post"}],"author":[{"embeddable":true,"href":"https:\/\/eldiariodesanpedro.com.ar\/sitio\/wp-json\/wp\/v2\/users\/4"}],"replies":[{"embeddable":true,"href":"https:\/\/eldiariodesanpedro.com.ar\/sitio\/wp-json\/wp\/v2\/comments?post=124325"}],"version-history":[{"count":1,"href":"https:\/\/eldiariodesanpedro.com.ar\/sitio\/wp-json\/wp\/v2\/posts\/124325\/revisions"}],"predecessor-version":[{"id":124328,"href":"https:\/\/eldiariodesanpedro.com.ar\/sitio\/wp-json\/wp\/v2\/posts\/124325\/revisions\/124328"}],"wp:featuredmedia":[{"embeddable":true,"href":"https:\/\/eldiariodesanpedro.com.ar\/sitio\/wp-json\/wp\/v2\/media\/124326"}],"wp:attachment":[{"href":"https:\/\/eldiariodesanpedro.com.ar\/sitio\/wp-json\/wp\/v2\/media?parent=124325"}],"wp:term":[{"taxonomy":"category","embeddable":true,"href":"https:\/\/eldiariodesanpedro.com.ar\/sitio\/wp-json\/wp\/v2\/categories?post=124325"},{"taxonomy":"post_tag","embeddable":true,"href":"https:\/\/eldiariodesanpedro.com.ar\/sitio\/wp-json\/wp\/v2\/tags?post=124325"}],"curies":[{"name":"wp","href":"https:\/\/api.w.org\/{rel}","templated":true}]}}