{"id":124323,"date":"2023-11-30T10:22:55","date_gmt":"2023-11-30T13:22:55","guid":{"rendered":"https:\/\/eldiariodesanpedro.com.ar\/sitio\/?p=124323"},"modified":"2026-01-24T00:53:44","modified_gmt":"2026-01-24T03:53:44","slug":"fallecio-eduardo-raul-albanese-de-73-anos","status":"publish","type":"post","link":"https:\/\/eldiariodesanpedro.com.ar\/sitio\/fallecio-eduardo-raul-albanese-de-73-anos\/","title":{"rendered":"Falleci\u00f3 Eduardo Ra\u00fal Alb\u00e1nese de 73 a\u00f1os"},"content":{"rendered":"<!-- VideographyWP Plugin Message: Automatic video embedding prevented by plugin options. -->\n\n<p>Se informa el fallecimiento de Eduardo Ra\u00fal Alb\u00e1nese de 73 a\u00f1os, el velatorio se realizara en la sala N\u00ba 4.<br>El sepelio se llevara a cabo este 30 de noviembre a partir de las 10 hs y sus restos ser\u00e1n inhumados en el Cementerio Campana de Paz.<\/p>\n","protected":false},"excerpt":{"rendered":"<p>Se informa el fallecimiento de Eduardo Ra\u00fal Alb\u00e1nese de 73 a\u00f1os, el velatorio se realizara en la sala N\u00ba 4.El sepelio se llevara a cabo este 30 de noviembre a partir de las 10 hs y sus restos ser\u00e1n inhumados en el Cementerio Campana de Paz.<\/p>\n","protected":false},"author":4,"featured_media":113757,"comment_status":"closed","ping_status":"closed","sticky":false,"template":"","format":"standard","meta":{"om_disable_all_campaigns":false,"_jetpack_memberships_contains_paid_content":false,"footnotes":""},"categories":[8424],"tags":[4630],"class_list":["post-124323","post","type-post","status-publish","format-standard","has-post-thumbnail","hentry","category-necrologicas","tag-fallecio-eduardo-raul-albanese-de-73-anos"],"aioseo_notices":[],"gutentor_comment":0,"jetpack_featured_media_url":"https:\/\/eldiariodesanpedro.com.ar\/sitio\/wp-content\/uploads\/2023\/01\/necrologicas.jpg","jetpack_shortlink":"https:\/\/wp.me\/p6RhLt-wld","jetpack_sharing_enabled":true,"_links":{"self":[{"href":"https:\/\/eldiariodesanpedro.com.ar\/sitio\/wp-json\/wp\/v2\/posts\/124323","targetHints":{"allow":["GET"]}}],"collection":[{"href":"https:\/\/eldiariodesanpedro.com.ar\/sitio\/wp-json\/wp\/v2\/posts"}],"about":[{"href":"https:\/\/eldiariodesanpedro.com.ar\/sitio\/wp-json\/wp\/v2\/types\/post"}],"author":[{"embeddable":true,"href":"https:\/\/eldiariodesanpedro.com.ar\/sitio\/wp-json\/wp\/v2\/users\/4"}],"replies":[{"embeddable":true,"href":"https:\/\/eldiariodesanpedro.com.ar\/sitio\/wp-json\/wp\/v2\/comments?post=124323"}],"version-history":[{"count":1,"href":"https:\/\/eldiariodesanpedro.com.ar\/sitio\/wp-json\/wp\/v2\/posts\/124323\/revisions"}],"predecessor-version":[{"id":124324,"href":"https:\/\/eldiariodesanpedro.com.ar\/sitio\/wp-json\/wp\/v2\/posts\/124323\/revisions\/124324"}],"wp:featuredmedia":[{"embeddable":true,"href":"https:\/\/eldiariodesanpedro.com.ar\/sitio\/wp-json\/wp\/v2\/media\/113757"}],"wp:attachment":[{"href":"https:\/\/eldiariodesanpedro.com.ar\/sitio\/wp-json\/wp\/v2\/media?parent=124323"}],"wp:term":[{"taxonomy":"category","embeddable":true,"href":"https:\/\/eldiariodesanpedro.com.ar\/sitio\/wp-json\/wp\/v2\/categories?post=124323"},{"taxonomy":"post_tag","embeddable":true,"href":"https:\/\/eldiariodesanpedro.com.ar\/sitio\/wp-json\/wp\/v2\/tags?post=124323"}],"curies":[{"name":"wp","href":"https:\/\/api.w.org\/{rel}","templated":true}]}}