{"id":124309,"date":"2023-11-29T15:36:40","date_gmt":"2023-11-29T18:36:40","guid":{"rendered":"https:\/\/eldiariodesanpedro.com.ar\/sitio\/?p=124309"},"modified":"2023-11-29T15:36:42","modified_gmt":"2023-11-29T18:36:42","slug":"edicto-de-sucesion-de-luis-antonio-rodriguez","status":"publish","type":"post","link":"https:\/\/eldiariodesanpedro.com.ar\/sitio\/edicto-de-sucesion-de-luis-antonio-rodriguez\/","title":{"rendered":"Edicto de sucesi\u00f3n de Luis Antonio Rodriguez"},"content":{"rendered":"<!-- VideographyWP Plugin Message: Automatic video embedding prevented by plugin options. -->\n\n<p>El Juzgado en lo Civil y Comercial Nro. 3, a cargo del Dr Esteban Luis Magni, Secretar\u00eda \u00danica, del Departamento Judicial de San Nicol\u00e1s cita y emplaza por treinta (30) d\u00edas a herederos y acreedores de <strong>Luis Antonio Rodriguez<\/strong>. San Nicol\u00e1s, 28 de noviembre de 2023.<\/p>\n\n\n\n<p>CARCURO ANTONELA YAEL<br>.AUXILIAR LETRADO&nbsp;<\/p>\n\n\n\n<p>(Publicaci\u00f3n V\u00e1lida los d\u00edas 29 y 30 de noviembre, y 01 de diciembre de 2023)<\/p>\n","protected":false},"excerpt":{"rendered":"<p>El Juzgado en lo Civil y Comercial Nro. 3, a cargo del Dr Esteban Luis Magni, Secretar\u00eda \u00danica, del Departamento Judicial de San Nicol\u00e1s cita y emplaza por treinta (30) d\u00edas a herederos y acreedores de Luis Antonio Rodriguez. San Nicol\u00e1s, 28 de noviembre de 2023. CARCURO ANTONELA YAEL.AUXILIAR LETRADO&nbsp; (Publicaci\u00f3n V\u00e1lida los d\u00edas 29 [&hellip;]<\/p>\n","protected":false},"author":4,"featured_media":102746,"comment_status":"closed","ping_status":"closed","sticky":false,"template":"","format":"standard","meta":{"om_disable_all_campaigns":false,"_jetpack_memberships_contains_paid_content":false,"footnotes":""},"categories":[676,677],"tags":[4623],"class_list":["post-124309","post","type-post","status-publish","format-standard","has-post-thumbnail","hentry","category-edictos","category-edictos-sucesorios","tag-edicto-de-sucesion-de-luis-antonio-rodriguez"],"aioseo_notices":[],"gutentor_comment":0,"jetpack_featured_media_url":"https:\/\/eldiariodesanpedro.com.ar\/sitio\/wp-content\/uploads\/2022\/01\/EDICTO.jpg","jetpack_shortlink":"https:\/\/wp.me\/p6RhLt-wkZ","jetpack_sharing_enabled":true,"_links":{"self":[{"href":"https:\/\/eldiariodesanpedro.com.ar\/sitio\/wp-json\/wp\/v2\/posts\/124309","targetHints":{"allow":["GET"]}}],"collection":[{"href":"https:\/\/eldiariodesanpedro.com.ar\/sitio\/wp-json\/wp\/v2\/posts"}],"about":[{"href":"https:\/\/eldiariodesanpedro.com.ar\/sitio\/wp-json\/wp\/v2\/types\/post"}],"author":[{"embeddable":true,"href":"https:\/\/eldiariodesanpedro.com.ar\/sitio\/wp-json\/wp\/v2\/users\/4"}],"replies":[{"embeddable":true,"href":"https:\/\/eldiariodesanpedro.com.ar\/sitio\/wp-json\/wp\/v2\/comments?post=124309"}],"version-history":[{"count":1,"href":"https:\/\/eldiariodesanpedro.com.ar\/sitio\/wp-json\/wp\/v2\/posts\/124309\/revisions"}],"predecessor-version":[{"id":124310,"href":"https:\/\/eldiariodesanpedro.com.ar\/sitio\/wp-json\/wp\/v2\/posts\/124309\/revisions\/124310"}],"wp:featuredmedia":[{"embeddable":true,"href":"https:\/\/eldiariodesanpedro.com.ar\/sitio\/wp-json\/wp\/v2\/media\/102746"}],"wp:attachment":[{"href":"https:\/\/eldiariodesanpedro.com.ar\/sitio\/wp-json\/wp\/v2\/media?parent=124309"}],"wp:term":[{"taxonomy":"category","embeddable":true,"href":"https:\/\/eldiariodesanpedro.com.ar\/sitio\/wp-json\/wp\/v2\/categories?post=124309"},{"taxonomy":"post_tag","embeddable":true,"href":"https:\/\/eldiariodesanpedro.com.ar\/sitio\/wp-json\/wp\/v2\/tags?post=124309"}],"curies":[{"name":"wp","href":"https:\/\/api.w.org\/{rel}","templated":true}]}}